{"id":34521,"date":"2021-04-13T14:06:21","date_gmt":"2021-04-13T11:06:21","guid":{"rendered":"https:\/\/batitrakya.net\/?p=34521"},"modified":"2021-04-13T14:06:21","modified_gmt":"2021-04-13T11:06:21","slug":"turk-hafizlar-ramazan-boyunca-bosna-hersekte-gorev-yapacak","status":"publish","type":"post","link":"https:\/\/batitrakya.net\/index.php\/turk-hafizlar-ramazan-boyunca-bosna-hersekte-gorev-yapacak\/","title":{"rendered":"T\u00fcrk haf\u0131zlar ramazan boyunca Bosna Hersek\u2019te g\u00f6rev yapacak&#8230;"},"content":{"rendered":"<p>T\u00fcrkiye Diyanet \u0130\u015fleri Ba\u015fkanl\u0131\u011f\u0131 taraf\u0131ndan g\u00f6revlendirilen 15 haf\u0131z, ramazan boyunca Bosna Hersek genelinde g\u00f6rev yapmak \u00fczere bu \u00fclkeye ula\u015ft\u0131.<\/p>\n<p>Ba\u015fkent Saraybosna\u2019da T\u00fcrkiye\u2019nin Saraybosna B\u00fcy\u00fckel\u00e7ili\u011fi Din Hizmetleri M\u00fc\u015faviri Dr. Yunus Kele\u015f taraf\u0131ndan kar\u015f\u0131lanan T\u00fcrk haf\u0131zlara, Uluslararas\u0131 Saraybosna \u00dcniversitesindeki (IUS) camide Bosna Hersek\u2019teki ramazan etkinlikleri hakk\u0131nda bilgi verildi.<\/p>\n<p>Kele\u015f, yapt\u0131\u011f\u0131 a\u00e7\u0131klamada, T\u00fcrk haf\u0131zlar\u0131n her y\u0131l oldu\u011fu gibi bu ramazan ay\u0131nda da d\u00fcnya genelinde g\u00f6rev yapaca\u011f\u0131n\u0131 ifade ederek \u201cHem ramazan\u0131n g\u00fczelliklerini oradaki toplumlarla ya\u015famak hem de T\u00fcrkiye\u2019yi temsil etmek a\u00e7\u0131s\u0131ndan \u00e7ok g\u00fczel faaliyetler icra ediliyor.\u201d dedi.<\/p>\n<p>Bosna Hersek\u2019e gelen haf\u0131zlar\u0131n Kur\u2019an-\u0131 Kerim, hatim, dua okuma ile ilim ve irfan sohbetleri gibi bir\u00e7ok alanda faaliyet g\u00f6sterece\u011fini belirten Kele\u015f, faaliyetlerin \u00fclkedeki yeni tip koronavir\u00fcs (Kovid-19) tedbirleri \u00e7er\u00e7evesinde y\u00fcr\u00fct\u00fclece\u011fini vurgulad\u0131.<\/p>\n<p>Kele\u015f, T\u00fcrk haf\u0131zlar\u0131n Bosna Hersek genelinde bir\u00e7ok kentte g\u00f6rev yapaca\u011f\u0131n\u0131 s\u00f6zlerine ekledi.<\/p>\n<p>T\u00fcrk haf\u0131zlardan \u0130brahim Mansur da Bosna Hersek\u2019e ilk kez geldi\u011fini ifade ederek \u201cBuradaki soyda\u015f ve dinda\u015flar\u0131m\u0131zla daha g\u00fczel bir ramazan ay\u0131 ge\u00e7irmeyi planl\u0131yoruz. \u0130n\u015fallah bizim i\u00e7in de verimli bir ramazan olacak.\u201d diye konu\u015ftu.<\/p>\n<p>Bosna Hersek\u2019in Breza, Fojnica, Kiseljak, Kakanj, Olovo, Gorazde, Mostar, Bihac, Velika Kladusa, Bosanska Krupa, Cazin ve Sanski Most kentlerinde g\u00f6rev yapacak T\u00fcrk haf\u0131zlar, bilgilendirme toplant\u0131s\u0131n\u0131n ard\u0131ndan g\u00f6rev yerlerine hareket etti.<\/p>\n","protected":false},"excerpt":{"rendered":"<p>T\u00fcrkiye Diyanet \u0130\u015fleri Ba\u015fkanl\u0131\u011f\u0131 taraf\u0131ndan g\u00f6revlendirilen 15 haf\u0131z, ramazan boyunca Bosna Hersek genelinde g\u00f6rev yapmak \u00fczere bu \u00fclkeye ula\u015ft\u0131. Ba\u015fkent Saraybosna\u2019da T\u00fcrkiye\u2019nin Saraybosna B\u00fcy\u00fckel\u00e7ili\u011fi Din Hizmetleri M\u00fc\u015faviri Dr. Yunus Kele\u015f taraf\u0131ndan kar\u015f\u0131lanan T\u00fcrk haf\u0131zlara, Uluslararas\u0131 Saraybosna \u00dcniversitesindeki (IUS) camide Bosna Hersek\u2019teki ramazan etkinlikleri hakk\u0131nda bilgi verildi. Kele\u015f, yapt\u0131\u011f\u0131 a\u00e7\u0131klamada, T\u00fcrk haf\u0131zlar\u0131n her y\u0131l oldu\u011fu gibi &hellip;<\/p>\n","protected":false},"author":1,"featured_media":34522,"comment_status":"open","ping_status":"open","sticky":false,"template":"","format":"standard","meta":{"footnotes":""},"categories":[46],"tags":[245],"class_list":["post-34521","post","type-post","status-publish","format-standard","has-post-thumbnail","hentry","category-balkanlar","tag-bosna"],"yoast_head":"<!-- This site is optimized with the Yoast SEO Premium plugin v26.3 (Yoast SEO v28.2) - https:\/\/yoast.com\/product\/yoast-seo-premium-wordpress\/ -->\n<title>T\u00fcrk haf\u0131zlar ramazan boyunca Bosna Hersek\u2019te g\u00f6rev yapacak... - Bat\u0131 Trakya Haber<\/title>\n<meta name=\"robots\" content=\"index, follow, max-snippet:-1, max-image-preview:large, max-video-preview:-1\" \/>\n<link rel=\"canonical\" href=\"https:\/\/batitrakya.net\/index.php\/turk-hafizlar-ramazan-boyunca-bosna-hersekte-gorev-yapacak\/\" \/>\n<meta property=\"og:locale\" content=\"tr_TR\" \/>\n<meta property=\"og:type\" content=\"article\" \/>\n<meta property=\"og:title\" content=\"T\u00fcrk haf\u0131zlar ramazan boyunca Bosna Hersek\u2019te g\u00f6rev yapacak...\" \/>\n<meta property=\"og:description\" content=\"T\u00fcrkiye Diyanet \u0130\u015fleri Ba\u015fkanl\u0131\u011f\u0131 taraf\u0131ndan g\u00f6revlendirilen 15 haf\u0131z, ramazan boyunca Bosna Hersek genelinde g\u00f6rev yapmak \u00fczere bu \u00fclkeye ula\u015ft\u0131. Ba\u015fkent Saraybosna\u2019da T\u00fcrkiye\u2019nin Saraybosna B\u00fcy\u00fckel\u00e7ili\u011fi Din Hizmetleri M\u00fc\u015faviri Dr. Yunus Kele\u015f taraf\u0131ndan kar\u015f\u0131lanan T\u00fcrk haf\u0131zlara, Uluslararas\u0131 Saraybosna \u00dcniversitesindeki (IUS) camide Bosna Hersek\u2019teki ramazan etkinlikleri hakk\u0131nda bilgi verildi. Kele\u015f, yapt\u0131\u011f\u0131 a\u00e7\u0131klamada, T\u00fcrk haf\u0131zlar\u0131n her y\u0131l oldu\u011fu gibi &hellip;\" \/>\n<meta property=\"og:url\" content=\"https:\/\/batitrakya.net\/index.php\/turk-hafizlar-ramazan-boyunca-bosna-hersekte-gorev-yapacak\/\" \/>\n<meta property=\"og:site_name\" content=\"Bat\u0131 Trakya Haber\" \/>\n<meta property=\"article:published_time\" content=\"2021-04-13T11:06:21+00:00\" \/>\n<meta property=\"og:image\" content=\"https:\/\/batitrakya.net\/wp-content\/uploads\/2021\/04\/bosna_hafiz.jpeg\" \/>\n\t<meta property=\"og:image:width\" content=\"720\" \/>\n\t<meta property=\"og:image:height\" content=\"348\" \/>\n\t<meta property=\"og:image:type\" content=\"image\/jpeg\" \/>\n<meta name=\"author\" content=\"tamer\" \/>\n<meta name=\"twitter:card\" content=\"summary_large_image\" \/>\n<meta name=\"twitter:label1\" content=\"Yazan:\" \/>\n\t<meta name=\"twitter:data1\" content=\"tamer\" \/>\n\t<meta name=\"twitter:label2\" content=\"Tahmini okuma s\u00fcresi\" \/>\n\t<meta name=\"twitter:data2\" content=\"1 dakika\" \/>\n<script type=\"application\/ld+json\" class=\"yoast-schema-graph\">{\"@context\":\"https:\\\/\\\/schema.org\",\"@graph\":[{\"@type\":\"Article\",\"@id\":\"https:\\\/\\\/batitrakya.net\\\/index.php\\\/turk-hafizlar-ramazan-boyunca-bosna-hersekte-gorev-yapacak\\\/#article\",\"isPartOf\":{\"@id\":\"https:\\\/\\\/batitrakya.net\\\/index.php\\\/turk-hafizlar-ramazan-boyunca-bosna-hersekte-gorev-yapacak\\\/\"},\"author\":{\"name\":\"tamer\",\"@id\":\"https:\\\/\\\/batitrakya.net\\\/#\\\/schema\\\/person\\\/61b86abbc19e5fa0bbc3059670546fe5\"},\"headline\":\"T\u00fcrk haf\u0131zlar ramazan boyunca Bosna Hersek\u2019te g\u00f6rev yapacak&#8230;\",\"datePublished\":\"2021-04-13T11:06:21+00:00\",\"mainEntityOfPage\":{\"@id\":\"https:\\\/\\\/batitrakya.net\\\/index.php\\\/turk-hafizlar-ramazan-boyunca-bosna-hersekte-gorev-yapacak\\\/\"},\"wordCount\":282,\"commentCount\":0,\"image\":{\"@id\":\"https:\\\/\\\/batitrakya.net\\\/index.php\\\/turk-hafizlar-ramazan-boyunca-bosna-hersekte-gorev-yapacak\\\/#primaryimage\"},\"thumbnailUrl\":\"https:\\\/\\\/batitrakya.net\\\/wp-content\\\/uploads\\\/2021\\\/04\\\/bosna_hafiz.jpeg\",\"keywords\":[\"Bosna\"],\"articleSection\":[\"Balkanlar | Avrupa Haber\"],\"inLanguage\":\"tr\",\"potentialAction\":[{\"@type\":\"CommentAction\",\"name\":\"Comment\",\"target\":[\"https:\\\/\\\/batitrakya.net\\\/index.php\\\/turk-hafizlar-ramazan-boyunca-bosna-hersekte-gorev-yapacak\\\/#respond\"]}],\"copyrightYear\":\"2021\",\"copyrightHolder\":{\"@id\":\"https:\\\/\\\/batitrakya.net\\\/#organization\"}},{\"@type\":\"WebPage\",\"@id\":\"https:\\\/\\\/batitrakya.net\\\/index.php\\\/turk-hafizlar-ramazan-boyunca-bosna-hersekte-gorev-yapacak\\\/\",\"url\":\"https:\\\/\\\/batitrakya.net\\\/index.php\\\/turk-hafizlar-ramazan-boyunca-bosna-hersekte-gorev-yapacak\\\/\",\"name\":\"T\u00fcrk haf\u0131zlar ramazan boyunca Bosna Hersek\u2019te g\u00f6rev yapacak... - Bat\u0131 Trakya Haber\",\"isPartOf\":{\"@id\":\"https:\\\/\\\/batitrakya.net\\\/#website\"},\"primaryImageOfPage\":{\"@id\":\"https:\\\/\\\/batitrakya.net\\\/index.php\\\/turk-hafizlar-ramazan-boyunca-bosna-hersekte-gorev-yapacak\\\/#primaryimage\"},\"image\":{\"@id\":\"https:\\\/\\\/batitrakya.net\\\/index.php\\\/turk-hafizlar-ramazan-boyunca-bosna-hersekte-gorev-yapacak\\\/#primaryimage\"},\"thumbnailUrl\":\"https:\\\/\\\/batitrakya.net\\\/wp-content\\\/uploads\\\/2021\\\/04\\\/bosna_hafiz.jpeg\",\"datePublished\":\"2021-04-13T11:06:21+00:00\",\"author\":{\"@id\":\"https:\\\/\\\/batitrakya.net\\\/#\\\/schema\\\/person\\\/61b86abbc19e5fa0bbc3059670546fe5\"},\"breadcrumb\":{\"@id\":\"https:\\\/\\\/batitrakya.net\\\/index.php\\\/turk-hafizlar-ramazan-boyunca-bosna-hersekte-gorev-yapacak\\\/#breadcrumb\"},\"inLanguage\":\"tr\",\"potentialAction\":[{\"@type\":\"ReadAction\",\"target\":[\"https:\\\/\\\/batitrakya.net\\\/index.php\\\/turk-hafizlar-ramazan-boyunca-bosna-hersekte-gorev-yapacak\\\/\"]}]},{\"@type\":\"ImageObject\",\"inLanguage\":\"tr\",\"@id\":\"https:\\\/\\\/batitrakya.net\\\/index.php\\\/turk-hafizlar-ramazan-boyunca-bosna-hersekte-gorev-yapacak\\\/#primaryimage\",\"url\":\"https:\\\/\\\/batitrakya.net\\\/wp-content\\\/uploads\\\/2021\\\/04\\\/bosna_hafiz.jpeg\",\"contentUrl\":\"https:\\\/\\\/batitrakya.net\\\/wp-content\\\/uploads\\\/2021\\\/04\\\/bosna_hafiz.jpeg\",\"width\":720,\"height\":348},{\"@type\":\"BreadcrumbList\",\"@id\":\"https:\\\/\\\/batitrakya.net\\\/index.php\\\/turk-hafizlar-ramazan-boyunca-bosna-hersekte-gorev-yapacak\\\/#breadcrumb\",\"itemListElement\":[{\"@type\":\"ListItem\",\"position\":1,\"name\":\"Anasayfa\",\"item\":\"https:\\\/\\\/batitrakya.net\\\/\"},{\"@type\":\"ListItem\",\"position\":2,\"name\":\"T\u00fcrk haf\u0131zlar ramazan boyunca Bosna Hersek\u2019te g\u00f6rev yapacak&#8230;\"}]},{\"@type\":\"WebSite\",\"@id\":\"https:\\\/\\\/batitrakya.net\\\/#website\",\"url\":\"https:\\\/\\\/batitrakya.net\\\/\",\"name\":\"Bat\u0131 Trakya Haber\",\"description\":\"Bat\u0131 Trakyan\u0131n internetteki sesi..\",\"potentialAction\":[{\"@type\":\"SearchAction\",\"target\":{\"@type\":\"EntryPoint\",\"urlTemplate\":\"https:\\\/\\\/batitrakya.net\\\/?s={search_term_string}\"},\"query-input\":{\"@type\":\"PropertyValueSpecification\",\"valueRequired\":true,\"valueName\":\"search_term_string\"}}],\"inLanguage\":\"tr\"},{\"@type\":\"Person\",\"@id\":\"https:\\\/\\\/batitrakya.net\\\/#\\\/schema\\\/person\\\/61b86abbc19e5fa0bbc3059670546fe5\",\"name\":\"tamer\",\"image\":{\"@type\":\"ImageObject\",\"inLanguage\":\"tr\",\"@id\":\"https:\\\/\\\/secure.gravatar.com\\\/avatar\\\/60b0ff14c4376999cea9565d28b91fc61ff0f727c28cd083506a6d83ad6df9c9?s=96&d=mm&r=g\",\"url\":\"https:\\\/\\\/secure.gravatar.com\\\/avatar\\\/60b0ff14c4376999cea9565d28b91fc61ff0f727c28cd083506a6d83ad6df9c9?s=96&d=mm&r=g\",\"contentUrl\":\"https:\\\/\\\/secure.gravatar.com\\\/avatar\\\/60b0ff14c4376999cea9565d28b91fc61ff0f727c28cd083506a6d83ad6df9c9?s=96&d=mm&r=g\",\"caption\":\"tamer\"},\"sameAs\":[\"https:\\\/\\\/batitrakya.net\"],\"url\":\"https:\\\/\\\/batitrakya.net\\\/index.php\\\/author\\\/tamer\\\/\"}]}<\/script>\n<!-- \/ Yoast SEO Premium plugin. -->","yoast_head_json":{"title":"T\u00fcrk haf\u0131zlar ramazan boyunca Bosna Hersek\u2019te g\u00f6rev yapacak... - Bat\u0131 Trakya Haber","robots":{"index":"index","follow":"follow","max-snippet":"max-snippet:-1","max-image-preview":"max-image-preview:large","max-video-preview":"max-video-preview:-1"},"canonical":"https:\/\/batitrakya.net\/index.php\/turk-hafizlar-ramazan-boyunca-bosna-hersekte-gorev-yapacak\/","og_locale":"tr_TR","og_type":"article","og_title":"T\u00fcrk haf\u0131zlar ramazan boyunca Bosna Hersek\u2019te g\u00f6rev yapacak...","og_description":"T\u00fcrkiye Diyanet \u0130\u015fleri Ba\u015fkanl\u0131\u011f\u0131 taraf\u0131ndan g\u00f6revlendirilen 15 haf\u0131z, ramazan boyunca Bosna Hersek genelinde g\u00f6rev yapmak \u00fczere bu \u00fclkeye ula\u015ft\u0131. Ba\u015fkent Saraybosna\u2019da T\u00fcrkiye\u2019nin Saraybosna B\u00fcy\u00fckel\u00e7ili\u011fi Din Hizmetleri M\u00fc\u015faviri Dr. Yunus Kele\u015f taraf\u0131ndan kar\u015f\u0131lanan T\u00fcrk haf\u0131zlara, Uluslararas\u0131 Saraybosna \u00dcniversitesindeki (IUS) camide Bosna Hersek\u2019teki ramazan etkinlikleri hakk\u0131nda bilgi verildi. Kele\u015f, yapt\u0131\u011f\u0131 a\u00e7\u0131klamada, T\u00fcrk haf\u0131zlar\u0131n her y\u0131l oldu\u011fu gibi &hellip;","og_url":"https:\/\/batitrakya.net\/index.php\/turk-hafizlar-ramazan-boyunca-bosna-hersekte-gorev-yapacak\/","og_site_name":"Bat\u0131 Trakya Haber","article_published_time":"2021-04-13T11:06:21+00:00","og_image":[{"width":720,"height":348,"url":"https:\/\/batitrakya.net\/wp-content\/uploads\/2021\/04\/bosna_hafiz.jpeg","type":"image\/jpeg"}],"author":"tamer","twitter_card":"summary_large_image","twitter_misc":{"Yazan:":"tamer","Tahmini okuma s\u00fcresi":"1 dakika"},"schema":{"@context":"https:\/\/schema.org","@graph":[{"@type":"Article","@id":"https:\/\/batitrakya.net\/index.php\/turk-hafizlar-ramazan-boyunca-bosna-hersekte-gorev-yapacak\/#article","isPartOf":{"@id":"https:\/\/batitrakya.net\/index.php\/turk-hafizlar-ramazan-boyunca-bosna-hersekte-gorev-yapacak\/"},"author":{"name":"tamer","@id":"https:\/\/batitrakya.net\/#\/schema\/person\/61b86abbc19e5fa0bbc3059670546fe5"},"headline":"T\u00fcrk haf\u0131zlar ramazan boyunca Bosna Hersek\u2019te g\u00f6rev yapacak&#8230;","datePublished":"2021-04-13T11:06:21+00:00","mainEntityOfPage":{"@id":"https:\/\/batitrakya.net\/index.php\/turk-hafizlar-ramazan-boyunca-bosna-hersekte-gorev-yapacak\/"},"wordCount":282,"commentCount":0,"image":{"@id":"https:\/\/batitrakya.net\/index.php\/turk-hafizlar-ramazan-boyunca-bosna-hersekte-gorev-yapacak\/#primaryimage"},"thumbnailUrl":"https:\/\/batitrakya.net\/wp-content\/uploads\/2021\/04\/bosna_hafiz.jpeg","keywords":["Bosna"],"articleSection":["Balkanlar | Avrupa Haber"],"inLanguage":"tr","potentialAction":[{"@type":"CommentAction","name":"Comment","target":["https:\/\/batitrakya.net\/index.php\/turk-hafizlar-ramazan-boyunca-bosna-hersekte-gorev-yapacak\/#respond"]}],"copyrightYear":"2021","copyrightHolder":{"@id":"https:\/\/batitrakya.net\/#organization"}},{"@type":"WebPage","@id":"https:\/\/batitrakya.net\/index.php\/turk-hafizlar-ramazan-boyunca-bosna-hersekte-gorev-yapacak\/","url":"https:\/\/batitrakya.net\/index.php\/turk-hafizlar-ramazan-boyunca-bosna-hersekte-gorev-yapacak\/","name":"T\u00fcrk haf\u0131zlar ramazan boyunca Bosna Hersek\u2019te g\u00f6rev yapacak... - Bat\u0131 Trakya Haber","isPartOf":{"@id":"https:\/\/batitrakya.net\/#website"},"primaryImageOfPage":{"@id":"https:\/\/batitrakya.net\/index.php\/turk-hafizlar-ramazan-boyunca-bosna-hersekte-gorev-yapacak\/#primaryimage"},"image":{"@id":"https:\/\/batitrakya.net\/index.php\/turk-hafizlar-ramazan-boyunca-bosna-hersekte-gorev-yapacak\/#primaryimage"},"thumbnailUrl":"https:\/\/batitrakya.net\/wp-content\/uploads\/2021\/04\/bosna_hafiz.jpeg","datePublished":"2021-04-13T11:06:21+00:00","author":{"@id":"https:\/\/batitrakya.net\/#\/schema\/person\/61b86abbc19e5fa0bbc3059670546fe5"},"breadcrumb":{"@id":"https:\/\/batitrakya.net\/index.php\/turk-hafizlar-ramazan-boyunca-bosna-hersekte-gorev-yapacak\/#breadcrumb"},"inLanguage":"tr","potentialAction":[{"@type":"ReadAction","target":["https:\/\/batitrakya.net\/index.php\/turk-hafizlar-ramazan-boyunca-bosna-hersekte-gorev-yapacak\/"]}]},{"@type":"ImageObject","inLanguage":"tr","@id":"https:\/\/batitrakya.net\/index.php\/turk-hafizlar-ramazan-boyunca-bosna-hersekte-gorev-yapacak\/#primaryimage","url":"https:\/\/batitrakya.net\/wp-content\/uploads\/2021\/04\/bosna_hafiz.jpeg","contentUrl":"https:\/\/batitrakya.net\/wp-content\/uploads\/2021\/04\/bosna_hafiz.jpeg","width":720,"height":348},{"@type":"BreadcrumbList","@id":"https:\/\/batitrakya.net\/index.php\/turk-hafizlar-ramazan-boyunca-bosna-hersekte-gorev-yapacak\/#breadcrumb","itemListElement":[{"@type":"ListItem","position":1,"name":"Anasayfa","item":"https:\/\/batitrakya.net\/"},{"@type":"ListItem","position":2,"name":"T\u00fcrk haf\u0131zlar ramazan boyunca Bosna Hersek\u2019te g\u00f6rev yapacak&#8230;"}]},{"@type":"WebSite","@id":"https:\/\/batitrakya.net\/#website","url":"https:\/\/batitrakya.net\/","name":"Bat\u0131 Trakya Haber","description":"Bat\u0131 Trakyan\u0131n internetteki sesi..","potentialAction":[{"@type":"SearchAction","target":{"@type":"EntryPoint","urlTemplate":"https:\/\/batitrakya.net\/?s={search_term_string}"},"query-input":{"@type":"PropertyValueSpecification","valueRequired":true,"valueName":"search_term_string"}}],"inLanguage":"tr"},{"@type":"Person","@id":"https:\/\/batitrakya.net\/#\/schema\/person\/61b86abbc19e5fa0bbc3059670546fe5","name":"tamer","image":{"@type":"ImageObject","inLanguage":"tr","@id":"https:\/\/secure.gravatar.com\/avatar\/60b0ff14c4376999cea9565d28b91fc61ff0f727c28cd083506a6d83ad6df9c9?s=96&d=mm&r=g","url":"https:\/\/secure.gravatar.com\/avatar\/60b0ff14c4376999cea9565d28b91fc61ff0f727c28cd083506a6d83ad6df9c9?s=96&d=mm&r=g","contentUrl":"https:\/\/secure.gravatar.com\/avatar\/60b0ff14c4376999cea9565d28b91fc61ff0f727c28cd083506a6d83ad6df9c9?s=96&d=mm&r=g","caption":"tamer"},"sameAs":["https:\/\/batitrakya.net"],"url":"https:\/\/batitrakya.net\/index.php\/author\/tamer\/"}]}},"_links":{"self":[{"href":"https:\/\/batitrakya.net\/index.php\/wp-json\/wp\/v2\/posts\/34521","targetHints":{"allow":["GET"]}}],"collection":[{"href":"https:\/\/batitrakya.net\/index.php\/wp-json\/wp\/v2\/posts"}],"about":[{"href":"https:\/\/batitrakya.net\/index.php\/wp-json\/wp\/v2\/types\/post"}],"author":[{"embeddable":true,"href":"https:\/\/batitrakya.net\/index.php\/wp-json\/wp\/v2\/users\/1"}],"replies":[{"embeddable":true,"href":"https:\/\/batitrakya.net\/index.php\/wp-json\/wp\/v2\/comments?post=34521"}],"version-history":[{"count":0,"href":"https:\/\/batitrakya.net\/index.php\/wp-json\/wp\/v2\/posts\/34521\/revisions"}],"wp:featuredmedia":[{"embeddable":true,"href":"https:\/\/batitrakya.net\/index.php\/wp-json\/wp\/v2\/media\/34522"}],"wp:attachment":[{"href":"https:\/\/batitrakya.net\/index.php\/wp-json\/wp\/v2\/media?parent=34521"}],"wp:term":[{"taxonomy":"category","embeddable":true,"href":"https:\/\/batitrakya.net\/index.php\/wp-json\/wp\/v2\/categories?post=34521"},{"taxonomy":"post_tag","embeddable":true,"href":"https:\/\/batitrakya.net\/index.php\/wp-json\/wp\/v2\/tags?post=34521"}],"curies":[{"name":"wp","href":"https:\/\/api.w.org\/{rel}","templated":true}]}}