{"id":37731,"date":"2021-09-21T21:02:46","date_gmt":"2021-09-21T18:02:46","guid":{"rendered":"https:\/\/batitrakya.net\/?p=37731"},"modified":"2021-09-21T21:02:46","modified_gmt":"2021-09-21T18:02:46","slug":"turk-dogduk-turk-olecegiz-kimligimizden","status":"publish","type":"post","link":"https:\/\/batitrakya.net\/index.php\/turk-dogduk-turk-olecegiz-kimligimizden\/","title":{"rendered":"T\u00fcrk Do\u011fduk T\u00fcrk \u00d6lece\u011fiz, Kimli\u011fimizden&#8230;"},"content":{"rendered":"<p>Bat\u0131 Trakya&#8217;da DEB Partisi 30. y\u0131l\u0131n\u0131 yakla\u015f\u0131k 4 bin ki\u015finin kat\u0131l\u0131m\u0131 ve sanat\u00e7\u0131 Edip Akbayram konseriyle kutlad\u0131.<\/p>\n<p>Bat\u0131 Trakya T\u00fcrkleri\u2019nin tek siyasi partisi ve sesi olan DEB Partisi, 30. kurulu\u015f y\u0131l\u0131n\u0131 20 Eyl\u00fcl 2021 Pazartesi ak\u015fam\u0131 Rodop ilinin Kozlukebir Belediyesi Sirkeli k\u00f6y\u00fc futbol sahas\u0131nda, Covid-19 salg\u0131n\u0131 \u00a0sosyal mesafe kurallar\u0131n\u0131 dikkate alarak Edip Akbayram konseriyle kutlad\u0131.<\/p>\n<p>Etkinlikte ilk olarak Bat\u0131 Trakyal\u0131 gen\u00e7lerden olu\u015fan yerel m\u00fczik grubu sahne ald\u0131.<\/p>\n<p>Ard\u0131ndan DEB Partisi Genel Ba\u015fkan\u0131 \u00c7i\u011fdem Asafo\u011flu, Kozlukebir Belediye Ba\u015fkan\u0131 R\u0131dvan Ahmet ve partinin kurucular\u0131ndan merhum Dr. Sad\u0131k Ahmet\u2019in e\u015fi ve partinin onursal ba\u015fkan\u0131 I\u015f\u0131k Sad\u0131k Ahmet, g\u00fcn\u00fcn anlam\u0131na uygun birer selamlama konu\u015fmas\u0131 yapt\u0131.<\/p>\n<h1>\u201cT\u00fcrk do\u011fduk T\u00fcrk \u00f6lece\u011fiz. Kimli\u011fimizden, \u00f6z\u00fcm\u00fczden asla taviz vermeyece\u011fiz.\u201d<\/h1>\n<p><a href=\"https:\/\/birlikgazetesi.org\/wp-content\/uploads\/2021\/09\/deb-konser-1.jpg\"><img loading=\"lazy\" decoding=\"async\" class=\"aligncenter size-large wp-image-26658\" src=\"https:\/\/birlikgazetesi.org\/wp-content\/uploads\/2021\/09\/deb-konser-1-1024x422.jpg\" alt=\"\" width=\"1024\" height=\"422\" \/><\/a><\/p>\n<p>\u0130lk olarak k\u00fcrs\u00fcye DEB Partisi Genel Ba\u015fkan\u0131 \u00c7i\u011fdem Asafo\u011flu geldi. \u00c7i\u011fdem Asafo\u011flu konu\u015fmas\u0131nda \u015fu ifadeleri kulland\u0131: \u201cLiderimiz Dr. Sad\u0131k Ahmet bu partiyi yap\u0131lan haks\u0131zl\u0131klar\u0131 siyasi bir organ arac\u0131l\u0131\u011f\u0131yla dile getirebilmek i\u00e7in kurmu\u015ftur. Liderimizin bu d\u00fc\u015f\u00fcncelerine sahip \u00e7\u0131k\u0131yoruz ve \u00e7\u0131kmaya da devam edece\u011fiz. Bat\u0131 Trakya T\u00fcrk Az\u0131nl\u0131\u011f\u0131n\u0131n sorunlar\u0131n\u0131 korkmadan cesur bir \u015fekilde dile getirmeye devam edece\u011fiz. Onun yakt\u0131\u011f\u0131 me\u015faleyi asla s\u00f6nd\u00fcrmeyece\u011fiz. \u00c7\u0131kt\u0131\u011f\u0131m\u0131z bu yolda y\u0131lmadan, yorulmadan y\u00fcr\u00fcmeye devam edece\u011fiz. Burada b\u00fcy\u00fcd\u00fck, burada do\u011fduk. Allah nasip ederse de burada \u00f6lece\u011fiz, T\u00fcrk do\u011fduk T\u00fcrk \u00f6lece\u011fiz. Kimli\u011fimizden, \u00f6z\u00fcm\u00fczden asla taviz vermeyece\u011fiz.<\/p>\n<h1>\u201cYass\u0131k\u00f6y Belediyesi talebimize olumlu cevap vermedi.\u201d<\/h1>\n<p><a href=\"https:\/\/birlikgazetesi.org\/wp-content\/uploads\/2021\/09\/deb-30-yil-1.jpg\"><img loading=\"lazy\" decoding=\"async\" class=\"aligncenter size-full wp-image-26657\" src=\"https:\/\/birlikgazetesi.org\/wp-content\/uploads\/2021\/09\/deb-30-yil-1.jpg\" alt=\"\" width=\"852\" height=\"391\" \/><\/a><\/p>\n<p>Yap\u0131lan t\u00fcm bask\u0131lara, \u00f6n\u00fcm\u00fcze konan t\u00fcm engellere, t\u00fcm karalama politikalar\u0131na verece\u011fimiz tek bir cevab\u0131m\u0131z var. Buraday\u0131z vaz ge\u00e7meyeyece\u011fiz. Bizler bu geceyi, \u0130ske\u00e7eli soyda\u015flar\u0131m\u0131z\u0131n da rahat ula\u015fabilmeleri ad\u0131na Rodop ve \u0130ske\u00e7e ilinin ortas\u0131nda Yass\u0131k\u00f6y futbol sahas\u0131nda d\u00fczenlemek istedik. Fakat ne yaz\u0131k ki sebebini bilmedi\u011fimiz nedenlerden dolay\u0131, Yass\u0131k\u00f6y Belediyesi talebimize olumlu cevap vermedi. \u00c7ok k\u0131sa bir s\u00fcre kalm\u0131\u015f olmas\u0131na ra\u011fmen, Kozlukebir Belediye Ba\u015fkan\u0131 say\u0131n R\u0131dvan Ahmet olmak \u00fczere, \u201cGelecek Listesi\u201d Ba\u015fkan\u0131 say\u0131n \u0130brahim \u015eerif\u2019e ve \u201cBirlik Listesi\u201d Ba\u015fkan\u0131 say\u0131n Erdem H\u00fcseyin\u2019e, bizlere g\u00f6stermi\u015f olduklar\u0131 ilgi ve nezaketen dolay\u0131, bu gece sizlerle bulu\u015fabilmemiz i\u00e7in bu futbol sahas\u0131n\u0131 verdikleri i\u00e7in \u00e7ok te\u015fekk\u00fcr ediyorum. R\u0131dvan Ahmet\u2019i ilk arad\u0131\u011f\u0131mda bu etkinli\u011fe d\u00f6rt g\u00fcn kam\u0131\u015ft\u0131 ve kendisine bu futbol sahas\u0131n\u0131 kullan\u0131p kullanamayaca\u011f\u0131m\u0131z\u0131 sordu\u011fumda aynen \u015fu cevab\u0131 ald\u0131m: \u201cBizde hi\u00e7 bir s\u0131k\u0131nt\u0131 olmaz, ba\u015f\u0131m\u0131z\u0131n \u00fcst\u00fcnde yeriniz var, buyurun gelin.\u201d<\/p>\n<p>S\u0131ras\u0131yla k\u00fcrs\u00fcye gelen Kozlukebir Belediye Ba\u015fkan\u0131 R\u0131dvan Ahmet, yapt\u0131\u011f\u0131 konu\u015fmas\u0131nda \u015fu ifadeleri kulland\u0131:<\/p>\n<h1>\u201cRodop da\u011flar\u0131 gibi dimdik duraca\u011f\u0131z.\u201d<\/h1>\n<p><a href=\"https:\/\/birlikgazetesi.org\/wp-content\/uploads\/2021\/09\/ediipbyrmm-3.jpg\"><img loading=\"lazy\" decoding=\"async\" class=\"size-full wp-image-26666 aligncenter\" src=\"https:\/\/birlikgazetesi.org\/wp-content\/uploads\/2021\/09\/ediipbyrmm-3.jpg\" alt=\"\" width=\"641\" height=\"351\" \/><\/a><\/p>\n<p>\u201c\u00d6ncelikle \u015funu \u00e7ok a\u00e7\u0131k y\u00fcreklilikle ifade etmek istiyorum. Kozlukebir Belediyesi bug\u00fcne kadar oldu\u011fu gibi, bundan sonra da iktidar\u0131yla, muhalefetiyle, b\u00fct\u00fcn b\u00f6lge halk\u0131yla, \u015fartlar her ne olursa olsun, iyi g\u00fcnde de k\u00f6t\u00fc g\u00fcnde de DEB partisinin yan\u0131nda olacakt\u0131r. Zaman zaman b\u00fct\u00fcn toplumlar\u0131n girdi\u011fi gibi maddi s\u0131k\u0131nt\u0131lar i\u00e7ine girebiliriz, gen\u00e7lerimiz i\u015fsizlik y\u00fcz\u00fcnden yurtd\u0131\u015f\u0131na g\u00f6\u00e7 etmi\u015f olabilir. Ama herkes \u015funu \u00e7ok iyi bilmelidir ki, Bat\u0131 Trakya dilini, dinini, birli\u011fini beraberli\u011fini hi\u00e7bir zaman kaybetmeyecektir. Bunu bozmak isteyenlere asla m\u00fcsaade etmeyecektir. \u0130\u00e7inde bulundu\u011fumuz durum y\u00fcz\u00fcnden asla \u00fcmitsizli\u011fe kap\u0131lmayaca\u011f\u0131z. Toplum olarak durumumuz ne olursa olsun asla ba\u015f\u0131m\u0131z\u0131 \u00f6ne e\u011fmeyece\u011fiz. B\u00fct\u00fcn bu problemler kar\u015f\u0131s\u0131nda pes etmeyecek ve Rodop da\u011flar\u0131 gibi dimdik duraca\u011f\u0131z.\u201d<\/p>\n<p>Son olarak DEB Partisi Onursal Ba\u015fkan\u0131 I\u015f\u0131k Sad\u0131k Ahmet s\u00f6z ald\u0131.<\/p>\n<h1>\u201cBat\u0131 Trakya T\u00fcrkleri buraya i\u015f\u00e7i olarak gelmedi&#8221;<\/h1>\n<p><a href=\"https:\/\/birlikgazetesi.org\/wp-content\/uploads\/2021\/09\/ediipbyrmm-2.jpg\"><img loading=\"lazy\" decoding=\"async\" class=\"aligncenter size-full wp-image-26668\" src=\"https:\/\/birlikgazetesi.org\/wp-content\/uploads\/2021\/09\/ediipbyrmm-2.jpg\" alt=\"\" width=\"605\" height=\"331\" \/><\/a><\/p>\n<p>\u201cSad\u0131k Ahmet aram\u0131zdan ayr\u0131lal\u0131 26 y\u0131l oldu. Buras\u0131 bizim can\u0131m\u0131z, ci\u011ferimiz, k\u00f6y\u00fcm\u00fcz, her \u015feyimiz. Sad\u0131k Ahmet\u2019in Bat\u0131 Trakya T\u00fcrklerini ayn\u0131 \u00e7at\u0131 alt\u0131nda toplamak i\u00e7in b\u00fcy\u00fck bir \u00e7abas\u0131 vard\u0131. \u00c7ok zor g\u00fcnler ya\u015fad\u0131. Ke\u015fke aram\u0131zda olsayd\u0131, bu co\u015fkuyu beraber ya\u015fasayd\u0131. Her zaman derdi ki; \u201cBat\u0131 Trakya T\u00fcrkleri buraya i\u015f\u00e7i olarak gelmedi. Biz burada do\u011fduk, burada b\u00fcy\u00fcd\u00fck, burada \u00f6lece\u011fiz ve bizlerin burada ikinci s\u0131n\u0131f vatanda\u015f muamelesi g\u00f6rmememiz gerekiyor. Biz bu topraklarda do\u011fduk, b\u00fcy\u00fcd\u00fck ve T\u00fcrk olarak do\u011fduk M\u00fcsl\u00fcman olarak do\u011fduk ayn\u0131 \u015fekilde yine T\u00fcrk olarak \u00f6lece\u011fiz.\u201d<\/p>\n<p>Kozlukebir Belediye Ba\u015fkan\u0131 R\u0131dvan Ahmet, genel ba\u015fkan \u00c7i\u011fdem Asafo\u011flu ve onursal ba\u015fkanlar I\u015f\u0131k Sad\u0131k Ahmet ve Mustafa Ali\u00e7avu\u015f&#8217;a hizmetlerinden doay\u0131 plaket ve \u00e7i\u00e7ek takdim etti.<\/p>\n<p>Son olarak sahneye T\u00fcrkiye\u2019den gelen sanat\u00e7\u0131 Edip Akbayram \u00e7\u0131kt\u0131. Sahnede yakla\u015f\u0131k bir saat kalan sanat\u00e7\u0131 Edip Akbayram birbirinden g\u00fczel t\u00fcrk\u00fcleri sevenleriyle birlikte s\u00f6yledi. Binlerce ki\u015fi Akbayram\u2019a zaman zaman e\u015flik etti.<\/p>\n<p>Etkinli\u011fe, Milletvekilleri \u0130lhan Ahmet, H\u00fcseyin Zeybek ve Burhan Baran, Yass\u0131k\u00f6y Belediye Ba\u015fkan\u0131 \u00d6nder M\u00fcmin ve Mustaf\u00e7ova Belediye ba\u015fkan\u0131 R\u0131dvan Deli H\u00fcseyin kat\u0131lmad\u0131\u011f\u0131 ve hatta mesaj dahi g\u00f6ndermedikleri g\u00f6r\u00fcld\u00fc.<\/p>\n<p><a href=\"https:\/\/birlikgazetesi.org\/wp-content\/uploads\/2021\/09\/deb-konser-2.jpg\"><img loading=\"lazy\" decoding=\"async\" class=\"aligncenter size-large wp-image-26661\" src=\"https:\/\/birlikgazetesi.org\/wp-content\/uploads\/2021\/09\/deb-konser-2-1024x408.jpg\" alt=\"\" width=\"1024\" height=\"408\" \/><\/a><\/p>\n<p>Konsere, DEB Partisi Genel Ba\u015fkan\u0131 \u00c7i\u011fdem Asafo\u011flu, DEB Partisi Onursal Ba\u015fkan\u0131 I\u015f\u0131k Sad\u0131k Ahmet, Kozlukebir Belediye Ba\u015fkan\u0131 R\u0131dvan Ahmet, Kozlukebir Belediyesi Ana Muhalefet Ba\u015fkan\u0131 Erdem H\u00fcseyin, BTAYTD Ba\u015fkan\u0131 H\u00fcseyin Baltac\u0131, G\u00fcm\u00fclcine T\u00fcrk Gen\u00e7ler Birli\u011fi Ba\u015fkan\u0131 Sedat Hasan, \u0130ske\u00e7e T\u00fcrk Birli\u011fi Ba\u015fkan\u0131 Ozan Ahmeto\u011flu, Bat\u0131 Trakya T\u00fcrk \u00d6\u011fretmenler Birli\u011fi Ba\u015fkan\u0131 Ayd\u0131n Ahmet, BAKE\u015e Ba\u015fkan\u0131 H\u00fcseyin Bostanc\u0131, Do\u011fu Makedonya Trakya Eyalet Ba\u015fkan Yard\u0131mc\u0131lar\u0131 Ahmet \u0130bram ve Tarkan Multaza ve binlerce soyda\u015f kat\u0131ld\u0131.<\/p>\n<p><a href=\"https:\/\/birlikgazetesi.org\/wp-content\/uploads\/2021\/09\/deb-konser-3.jpg\"><img loading=\"lazy\" decoding=\"async\" class=\"aligncenter size-large wp-image-26664\" src=\"https:\/\/birlikgazetesi.org\/wp-content\/uploads\/2021\/09\/deb-konser-3-1024x543.jpg\" alt=\"\" width=\"1024\" height=\"543\" \/><\/a><\/p>\n<p><iframe loading=\"lazy\" title=\"DEB Partisi 30  Y\u0131l Kutlamas\u0131 Video 2\" width=\"500\" height=\"281\" src=\"https:\/\/www.youtube.com\/embed\/SRRsN-44JeI?start=11&#038;feature=oembed\" frameborder=\"0\" allow=\"accelerometer; autoplay; clipboard-write; encrypted-media; gyroscope; picture-in-picture; web-share\" referrerpolicy=\"strict-origin-when-cross-origin\" allowfullscreen><\/iframe><\/p>\n<p><iframe loading=\"lazy\" title=\"DEB Partisi 30 Y\u0131l Kutlamas\u0131 Video 3\" width=\"500\" height=\"281\" src=\"https:\/\/www.youtube.com\/embed\/5dk-YW2vS5s?feature=oembed\" frameborder=\"0\" allow=\"accelerometer; autoplay; clipboard-write; encrypted-media; gyroscope; picture-in-picture; web-share\" referrerpolicy=\"strict-origin-when-cross-origin\" allowfullscreen><\/iframe><\/p>\n","protected":false},"excerpt":{"rendered":"<p>Bat\u0131 Trakya&#8217;da DEB Partisi 30. y\u0131l\u0131n\u0131 yakla\u015f\u0131k 4 bin ki\u015finin kat\u0131l\u0131m\u0131 ve sanat\u00e7\u0131 Edip Akbayram konseriyle kutlad\u0131. Bat\u0131 Trakya T\u00fcrkleri\u2019nin tek siyasi partisi ve sesi olan DEB Partisi, 30. kurulu\u015f y\u0131l\u0131n\u0131 20 Eyl\u00fcl 2021 Pazartesi ak\u015fam\u0131 Rodop ilinin Kozlukebir Belediyesi Sirkeli k\u00f6y\u00fc futbol sahas\u0131nda, Covid-19 salg\u0131n\u0131 \u00a0sosyal mesafe kurallar\u0131n\u0131 dikkate alarak Edip Akbayram konseriyle kutlad\u0131. &hellip;<\/p>\n","protected":false},"author":1,"featured_media":37733,"comment_status":"open","ping_status":"open","sticky":false,"template":"","format":"standard","meta":{"footnotes":""},"categories":[24],"tags":[34,37,157],"class_list":["post-37731","post","type-post","status-publish","format-standard","has-post-thumbnail","hentry","category-bati-trakyam-haber","tag-deb","tag-etkinlik","tag-kutlama"],"yoast_head":"<!-- This site is optimized with the Yoast SEO Premium plugin v26.3 (Yoast SEO v28.2) - https:\/\/yoast.com\/product\/yoast-seo-premium-wordpress\/ -->\n<title>T\u00fcrk Do\u011fduk T\u00fcrk \u00d6lece\u011fiz, Kimli\u011fimizden... - Bat\u0131 Trakya Haber<\/title>\n<meta name=\"robots\" content=\"index, follow, max-snippet:-1, max-image-preview:large, max-video-preview:-1\" \/>\n<link rel=\"canonical\" href=\"https:\/\/batitrakya.net\/index.php\/turk-dogduk-turk-olecegiz-kimligimizden\/\" \/>\n<meta property=\"og:locale\" content=\"tr_TR\" \/>\n<meta property=\"og:type\" content=\"article\" \/>\n<meta property=\"og:title\" content=\"T\u00fcrk Do\u011fduk T\u00fcrk \u00d6lece\u011fiz, Kimli\u011fimizden...\" \/>\n<meta property=\"og:description\" content=\"Bat\u0131 Trakya&#8217;da DEB Partisi 30. y\u0131l\u0131n\u0131 yakla\u015f\u0131k 4 bin ki\u015finin kat\u0131l\u0131m\u0131 ve sanat\u00e7\u0131 Edip Akbayram konseriyle kutlad\u0131. Bat\u0131 Trakya T\u00fcrkleri\u2019nin tek siyasi partisi ve sesi olan DEB Partisi, 30. kurulu\u015f y\u0131l\u0131n\u0131 20 Eyl\u00fcl 2021 Pazartesi ak\u015fam\u0131 Rodop ilinin Kozlukebir Belediyesi Sirkeli k\u00f6y\u00fc futbol sahas\u0131nda, Covid-19 salg\u0131n\u0131 \u00a0sosyal mesafe kurallar\u0131n\u0131 dikkate alarak Edip Akbayram konseriyle kutlad\u0131. &hellip;\" \/>\n<meta property=\"og:url\" content=\"https:\/\/batitrakya.net\/index.php\/turk-dogduk-turk-olecegiz-kimligimizden\/\" \/>\n<meta property=\"og:site_name\" content=\"Bat\u0131 Trakya Haber\" \/>\n<meta property=\"article:published_time\" content=\"2021-09-21T18:02:46+00:00\" \/>\n<meta property=\"og:image\" content=\"https:\/\/batitrakya.net\/wp-content\/uploads\/2021\/09\/deb-30-yil-1.jpg\" \/>\n\t<meta property=\"og:image:width\" content=\"720\" \/>\n\t<meta property=\"og:image:height\" content=\"348\" \/>\n\t<meta property=\"og:image:type\" content=\"image\/jpeg\" \/>\n<meta name=\"author\" content=\"tamer\" \/>\n<meta name=\"twitter:card\" content=\"summary_large_image\" \/>\n<meta name=\"twitter:label1\" content=\"Yazan:\" \/>\n\t<meta name=\"twitter:data1\" content=\"tamer\" \/>\n\t<meta name=\"twitter:label2\" content=\"Tahmini okuma s\u00fcresi\" \/>\n\t<meta name=\"twitter:data2\" content=\"5 dakika\" \/>\n<script type=\"application\/ld+json\" class=\"yoast-schema-graph\">{\"@context\":\"https:\\\/\\\/schema.org\",\"@graph\":[{\"@type\":\"Article\",\"@id\":\"https:\\\/\\\/batitrakya.net\\\/index.php\\\/turk-dogduk-turk-olecegiz-kimligimizden\\\/#article\",\"isPartOf\":{\"@id\":\"https:\\\/\\\/batitrakya.net\\\/index.php\\\/turk-dogduk-turk-olecegiz-kimligimizden\\\/\"},\"author\":{\"name\":\"tamer\",\"@id\":\"https:\\\/\\\/batitrakya.net\\\/#\\\/schema\\\/person\\\/61b86abbc19e5fa0bbc3059670546fe5\"},\"headline\":\"T\u00fcrk Do\u011fduk T\u00fcrk \u00d6lece\u011fiz, Kimli\u011fimizden&#8230;\",\"datePublished\":\"2021-09-21T18:02:46+00:00\",\"mainEntityOfPage\":{\"@id\":\"https:\\\/\\\/batitrakya.net\\\/index.php\\\/turk-dogduk-turk-olecegiz-kimligimizden\\\/\"},\"wordCount\":1076,\"commentCount\":0,\"image\":{\"@id\":\"https:\\\/\\\/batitrakya.net\\\/index.php\\\/turk-dogduk-turk-olecegiz-kimligimizden\\\/#primaryimage\"},\"thumbnailUrl\":\"https:\\\/\\\/batitrakya.net\\\/wp-content\\\/uploads\\\/2021\\\/09\\\/deb-30-yil-1.jpg\",\"keywords\":[\"DEB\",\"Etkinlik\",\"kutlama\"],\"articleSection\":[\"Bat\u0131 Trakyam Haber\"],\"inLanguage\":\"tr\",\"potentialAction\":[{\"@type\":\"CommentAction\",\"name\":\"Comment\",\"target\":[\"https:\\\/\\\/batitrakya.net\\\/index.php\\\/turk-dogduk-turk-olecegiz-kimligimizden\\\/#respond\"]}],\"copyrightYear\":\"2021\",\"copyrightHolder\":{\"@id\":\"https:\\\/\\\/batitrakya.net\\\/#organization\"}},{\"@type\":\"WebPage\",\"@id\":\"https:\\\/\\\/batitrakya.net\\\/index.php\\\/turk-dogduk-turk-olecegiz-kimligimizden\\\/\",\"url\":\"https:\\\/\\\/batitrakya.net\\\/index.php\\\/turk-dogduk-turk-olecegiz-kimligimizden\\\/\",\"name\":\"T\u00fcrk Do\u011fduk T\u00fcrk \u00d6lece\u011fiz, Kimli\u011fimizden... - Bat\u0131 Trakya Haber\",\"isPartOf\":{\"@id\":\"https:\\\/\\\/batitrakya.net\\\/#website\"},\"primaryImageOfPage\":{\"@id\":\"https:\\\/\\\/batitrakya.net\\\/index.php\\\/turk-dogduk-turk-olecegiz-kimligimizden\\\/#primaryimage\"},\"image\":{\"@id\":\"https:\\\/\\\/batitrakya.net\\\/index.php\\\/turk-dogduk-turk-olecegiz-kimligimizden\\\/#primaryimage\"},\"thumbnailUrl\":\"https:\\\/\\\/batitrakya.net\\\/wp-content\\\/uploads\\\/2021\\\/09\\\/deb-30-yil-1.jpg\",\"datePublished\":\"2021-09-21T18:02:46+00:00\",\"author\":{\"@id\":\"https:\\\/\\\/batitrakya.net\\\/#\\\/schema\\\/person\\\/61b86abbc19e5fa0bbc3059670546fe5\"},\"breadcrumb\":{\"@id\":\"https:\\\/\\\/batitrakya.net\\\/index.php\\\/turk-dogduk-turk-olecegiz-kimligimizden\\\/#breadcrumb\"},\"inLanguage\":\"tr\",\"potentialAction\":[{\"@type\":\"ReadAction\",\"target\":[\"https:\\\/\\\/batitrakya.net\\\/index.php\\\/turk-dogduk-turk-olecegiz-kimligimizden\\\/\"]}]},{\"@type\":\"ImageObject\",\"inLanguage\":\"tr\",\"@id\":\"https:\\\/\\\/batitrakya.net\\\/index.php\\\/turk-dogduk-turk-olecegiz-kimligimizden\\\/#primaryimage\",\"url\":\"https:\\\/\\\/batitrakya.net\\\/wp-content\\\/uploads\\\/2021\\\/09\\\/deb-30-yil-1.jpg\",\"contentUrl\":\"https:\\\/\\\/batitrakya.net\\\/wp-content\\\/uploads\\\/2021\\\/09\\\/deb-30-yil-1.jpg\",\"width\":720,\"height\":348},{\"@type\":\"BreadcrumbList\",\"@id\":\"https:\\\/\\\/batitrakya.net\\\/index.php\\\/turk-dogduk-turk-olecegiz-kimligimizden\\\/#breadcrumb\",\"itemListElement\":[{\"@type\":\"ListItem\",\"position\":1,\"name\":\"Anasayfa\",\"item\":\"https:\\\/\\\/batitrakya.net\\\/\"},{\"@type\":\"ListItem\",\"position\":2,\"name\":\"T\u00fcrk Do\u011fduk T\u00fcrk \u00d6lece\u011fiz, Kimli\u011fimizden&#8230;\"}]},{\"@type\":\"WebSite\",\"@id\":\"https:\\\/\\\/batitrakya.net\\\/#website\",\"url\":\"https:\\\/\\\/batitrakya.net\\\/\",\"name\":\"Bat\u0131 Trakya Haber\",\"description\":\"Bat\u0131 Trakyan\u0131n internetteki sesi..\",\"potentialAction\":[{\"@type\":\"SearchAction\",\"target\":{\"@type\":\"EntryPoint\",\"urlTemplate\":\"https:\\\/\\\/batitrakya.net\\\/?s={search_term_string}\"},\"query-input\":{\"@type\":\"PropertyValueSpecification\",\"valueRequired\":true,\"valueName\":\"search_term_string\"}}],\"inLanguage\":\"tr\"},{\"@type\":\"Person\",\"@id\":\"https:\\\/\\\/batitrakya.net\\\/#\\\/schema\\\/person\\\/61b86abbc19e5fa0bbc3059670546fe5\",\"name\":\"tamer\",\"image\":{\"@type\":\"ImageObject\",\"inLanguage\":\"tr\",\"@id\":\"https:\\\/\\\/secure.gravatar.com\\\/avatar\\\/60b0ff14c4376999cea9565d28b91fc61ff0f727c28cd083506a6d83ad6df9c9?s=96&d=mm&r=g\",\"url\":\"https:\\\/\\\/secure.gravatar.com\\\/avatar\\\/60b0ff14c4376999cea9565d28b91fc61ff0f727c28cd083506a6d83ad6df9c9?s=96&d=mm&r=g\",\"contentUrl\":\"https:\\\/\\\/secure.gravatar.com\\\/avatar\\\/60b0ff14c4376999cea9565d28b91fc61ff0f727c28cd083506a6d83ad6df9c9?s=96&d=mm&r=g\",\"caption\":\"tamer\"},\"sameAs\":[\"https:\\\/\\\/batitrakya.net\"],\"url\":\"https:\\\/\\\/batitrakya.net\\\/index.php\\\/author\\\/tamer\\\/\"}]}<\/script>\n<!-- \/ Yoast SEO Premium plugin. -->","yoast_head_json":{"title":"T\u00fcrk Do\u011fduk T\u00fcrk \u00d6lece\u011fiz, Kimli\u011fimizden... - Bat\u0131 Trakya Haber","robots":{"index":"index","follow":"follow","max-snippet":"max-snippet:-1","max-image-preview":"max-image-preview:large","max-video-preview":"max-video-preview:-1"},"canonical":"https:\/\/batitrakya.net\/index.php\/turk-dogduk-turk-olecegiz-kimligimizden\/","og_locale":"tr_TR","og_type":"article","og_title":"T\u00fcrk Do\u011fduk T\u00fcrk \u00d6lece\u011fiz, Kimli\u011fimizden...","og_description":"Bat\u0131 Trakya&#8217;da DEB Partisi 30. y\u0131l\u0131n\u0131 yakla\u015f\u0131k 4 bin ki\u015finin kat\u0131l\u0131m\u0131 ve sanat\u00e7\u0131 Edip Akbayram konseriyle kutlad\u0131. Bat\u0131 Trakya T\u00fcrkleri\u2019nin tek siyasi partisi ve sesi olan DEB Partisi, 30. kurulu\u015f y\u0131l\u0131n\u0131 20 Eyl\u00fcl 2021 Pazartesi ak\u015fam\u0131 Rodop ilinin Kozlukebir Belediyesi Sirkeli k\u00f6y\u00fc futbol sahas\u0131nda, Covid-19 salg\u0131n\u0131 \u00a0sosyal mesafe kurallar\u0131n\u0131 dikkate alarak Edip Akbayram konseriyle kutlad\u0131. &hellip;","og_url":"https:\/\/batitrakya.net\/index.php\/turk-dogduk-turk-olecegiz-kimligimizden\/","og_site_name":"Bat\u0131 Trakya Haber","article_published_time":"2021-09-21T18:02:46+00:00","og_image":[{"width":720,"height":348,"url":"https:\/\/batitrakya.net\/wp-content\/uploads\/2021\/09\/deb-30-yil-1.jpg","type":"image\/jpeg"}],"author":"tamer","twitter_card":"summary_large_image","twitter_misc":{"Yazan:":"tamer","Tahmini okuma s\u00fcresi":"5 dakika"},"schema":{"@context":"https:\/\/schema.org","@graph":[{"@type":"Article","@id":"https:\/\/batitrakya.net\/index.php\/turk-dogduk-turk-olecegiz-kimligimizden\/#article","isPartOf":{"@id":"https:\/\/batitrakya.net\/index.php\/turk-dogduk-turk-olecegiz-kimligimizden\/"},"author":{"name":"tamer","@id":"https:\/\/batitrakya.net\/#\/schema\/person\/61b86abbc19e5fa0bbc3059670546fe5"},"headline":"T\u00fcrk Do\u011fduk T\u00fcrk \u00d6lece\u011fiz, Kimli\u011fimizden&#8230;","datePublished":"2021-09-21T18:02:46+00:00","mainEntityOfPage":{"@id":"https:\/\/batitrakya.net\/index.php\/turk-dogduk-turk-olecegiz-kimligimizden\/"},"wordCount":1076,"commentCount":0,"image":{"@id":"https:\/\/batitrakya.net\/index.php\/turk-dogduk-turk-olecegiz-kimligimizden\/#primaryimage"},"thumbnailUrl":"https:\/\/batitrakya.net\/wp-content\/uploads\/2021\/09\/deb-30-yil-1.jpg","keywords":["DEB","Etkinlik","kutlama"],"articleSection":["Bat\u0131 Trakyam Haber"],"inLanguage":"tr","potentialAction":[{"@type":"CommentAction","name":"Comment","target":["https:\/\/batitrakya.net\/index.php\/turk-dogduk-turk-olecegiz-kimligimizden\/#respond"]}],"copyrightYear":"2021","copyrightHolder":{"@id":"https:\/\/batitrakya.net\/#organization"}},{"@type":"WebPage","@id":"https:\/\/batitrakya.net\/index.php\/turk-dogduk-turk-olecegiz-kimligimizden\/","url":"https:\/\/batitrakya.net\/index.php\/turk-dogduk-turk-olecegiz-kimligimizden\/","name":"T\u00fcrk Do\u011fduk T\u00fcrk \u00d6lece\u011fiz, Kimli\u011fimizden... - Bat\u0131 Trakya Haber","isPartOf":{"@id":"https:\/\/batitrakya.net\/#website"},"primaryImageOfPage":{"@id":"https:\/\/batitrakya.net\/index.php\/turk-dogduk-turk-olecegiz-kimligimizden\/#primaryimage"},"image":{"@id":"https:\/\/batitrakya.net\/index.php\/turk-dogduk-turk-olecegiz-kimligimizden\/#primaryimage"},"thumbnailUrl":"https:\/\/batitrakya.net\/wp-content\/uploads\/2021\/09\/deb-30-yil-1.jpg","datePublished":"2021-09-21T18:02:46+00:00","author":{"@id":"https:\/\/batitrakya.net\/#\/schema\/person\/61b86abbc19e5fa0bbc3059670546fe5"},"breadcrumb":{"@id":"https:\/\/batitrakya.net\/index.php\/turk-dogduk-turk-olecegiz-kimligimizden\/#breadcrumb"},"inLanguage":"tr","potentialAction":[{"@type":"ReadAction","target":["https:\/\/batitrakya.net\/index.php\/turk-dogduk-turk-olecegiz-kimligimizden\/"]}]},{"@type":"ImageObject","inLanguage":"tr","@id":"https:\/\/batitrakya.net\/index.php\/turk-dogduk-turk-olecegiz-kimligimizden\/#primaryimage","url":"https:\/\/batitrakya.net\/wp-content\/uploads\/2021\/09\/deb-30-yil-1.jpg","contentUrl":"https:\/\/batitrakya.net\/wp-content\/uploads\/2021\/09\/deb-30-yil-1.jpg","width":720,"height":348},{"@type":"BreadcrumbList","@id":"https:\/\/batitrakya.net\/index.php\/turk-dogduk-turk-olecegiz-kimligimizden\/#breadcrumb","itemListElement":[{"@type":"ListItem","position":1,"name":"Anasayfa","item":"https:\/\/batitrakya.net\/"},{"@type":"ListItem","position":2,"name":"T\u00fcrk Do\u011fduk T\u00fcrk \u00d6lece\u011fiz, Kimli\u011fimizden&#8230;"}]},{"@type":"WebSite","@id":"https:\/\/batitrakya.net\/#website","url":"https:\/\/batitrakya.net\/","name":"Bat\u0131 Trakya Haber","description":"Bat\u0131 Trakyan\u0131n internetteki sesi..","potentialAction":[{"@type":"SearchAction","target":{"@type":"EntryPoint","urlTemplate":"https:\/\/batitrakya.net\/?s={search_term_string}"},"query-input":{"@type":"PropertyValueSpecification","valueRequired":true,"valueName":"search_term_string"}}],"inLanguage":"tr"},{"@type":"Person","@id":"https:\/\/batitrakya.net\/#\/schema\/person\/61b86abbc19e5fa0bbc3059670546fe5","name":"tamer","image":{"@type":"ImageObject","inLanguage":"tr","@id":"https:\/\/secure.gravatar.com\/avatar\/60b0ff14c4376999cea9565d28b91fc61ff0f727c28cd083506a6d83ad6df9c9?s=96&d=mm&r=g","url":"https:\/\/secure.gravatar.com\/avatar\/60b0ff14c4376999cea9565d28b91fc61ff0f727c28cd083506a6d83ad6df9c9?s=96&d=mm&r=g","contentUrl":"https:\/\/secure.gravatar.com\/avatar\/60b0ff14c4376999cea9565d28b91fc61ff0f727c28cd083506a6d83ad6df9c9?s=96&d=mm&r=g","caption":"tamer"},"sameAs":["https:\/\/batitrakya.net"],"url":"https:\/\/batitrakya.net\/index.php\/author\/tamer\/"}]}},"_links":{"self":[{"href":"https:\/\/batitrakya.net\/index.php\/wp-json\/wp\/v2\/posts\/37731","targetHints":{"allow":["GET"]}}],"collection":[{"href":"https:\/\/batitrakya.net\/index.php\/wp-json\/wp\/v2\/posts"}],"about":[{"href":"https:\/\/batitrakya.net\/index.php\/wp-json\/wp\/v2\/types\/post"}],"author":[{"embeddable":true,"href":"https:\/\/batitrakya.net\/index.php\/wp-json\/wp\/v2\/users\/1"}],"replies":[{"embeddable":true,"href":"https:\/\/batitrakya.net\/index.php\/wp-json\/wp\/v2\/comments?post=37731"}],"version-history":[{"count":0,"href":"https:\/\/batitrakya.net\/index.php\/wp-json\/wp\/v2\/posts\/37731\/revisions"}],"wp:featuredmedia":[{"embeddable":true,"href":"https:\/\/batitrakya.net\/index.php\/wp-json\/wp\/v2\/media\/37733"}],"wp:attachment":[{"href":"https:\/\/batitrakya.net\/index.php\/wp-json\/wp\/v2\/media?parent=37731"}],"wp:term":[{"taxonomy":"category","embeddable":true,"href":"https:\/\/batitrakya.net\/index.php\/wp-json\/wp\/v2\/categories?post=37731"},{"taxonomy":"post_tag","embeddable":true,"href":"https:\/\/batitrakya.net\/index.php\/wp-json\/wp\/v2\/tags?post=37731"}],"curies":[{"name":"wp","href":"https:\/\/api.w.org\/{rel}","templated":true}]}}