{"id":38413,"date":"2021-11-04T22:41:30","date_gmt":"2021-11-04T19:41:30","guid":{"rendered":"https:\/\/batitrakya.net\/?p=38413"},"modified":"2021-11-04T22:41:30","modified_gmt":"2021-11-04T19:41:30","slug":"abdnin-dedeagac-planlari-turkiye-icin-tehdit-olusturmuyor","status":"publish","type":"post","link":"https:\/\/batitrakya.net\/index.php\/abdnin-dedeagac-planlari-turkiye-icin-tehdit-olusturmuyor\/","title":{"rendered":"ABD\u2019nin Dedea\u011fa\u00e7 planlar\u0131 T\u00fcrkiye i\u00e7in tehdit olu\u015fturmuyor&#8230;"},"content":{"rendered":"<p>Amerika\u2019n\u0131n Atina\u2019daki B\u00fcy\u00fckel\u00e7isi Geoffrey Pyatt, <em><strong>\u201cABD\u2019nin Dedea\u011fa\u00e7 planlar\u0131 T\u00fcrkiye i\u00e7in tehdit olu\u015fturmuyor\u201d<\/strong><\/em> ifadesini kulland\u0131.<\/p>\n<p>ABD\u2019nin Yunanistan B\u00fcy\u00fckel\u00e7isi Geoffrey Pyatt, Yunanistan Cumhurba\u015fkan\u0131 Katerina Sakellaropulu\u2019nun himayesinde, Yunanistan Sanayicileri Derne\u011fi (SVE) ve Delphi Ekonomik Forumu taraf\u0131ndan bug\u00fcn ve yar\u0131n Selanik\u2019te d\u00fczenlenen <em><strong>\u201cThessaloniki Summit 2021\u201d<\/strong><\/em> forumunda konu\u015ftu ve ABD\u2019nin Dedea\u011fa\u00e7\u2019taki planlar\u0131n\u0131n T\u00fcrkiye i\u00e7in bir tehdit olu\u015fturmad\u0131\u011f\u0131n\u0131 s\u00f6yledi.<\/p>\n<p>T\u00fcrkiye Cumhurba\u015fkan\u0131 Recep Tayyip Erdo\u011fan\u2019\u0131n, ABD\u2019nin Dedea\u011fa\u00e7 planlar\u0131na tepkisi hakk\u0131nda yorum yapmas\u0131 istenen ABD B\u00fcy\u00fckel\u00e7isi Geoffrey Pyatt, <em><strong>\u201cABD ile Yunanistan aras\u0131ndaki Do\u011fu Makedonya ve Trakya ortakl\u0131\u011f\u0131n\u0131n T\u00fcrkiye i\u00e7in bir tehdit olmad\u0131\u011f\u0131n\u0131\u201d<\/strong> <\/em>vurgulad\u0131 ve planlar\u0131 a\u00e7\u0131klad\u0131. B\u00fcy\u00fckel\u00e7i Pyatt, ikili ittifak \u00e7er\u00e7evesinde taahh\u00fctlerin g\u00fc\u00e7lendirilmesi, Yunanistan\u2019\u0131n rol\u00fcn\u00fcn geli\u015ftirilmesi ve Yunanistan\u2019\u0131n NATO gibi \u00e7e\u015fitli olu\u015fumlardaki g\u00fcc\u00fcn\u00fcn yan\u0131 s\u0131ra yeni savunma anla\u015fmas\u0131 (MDCA) arac\u0131l\u0131\u011f\u0131yla ikili askeri ortakl\u0131k rol\u00fcne at\u0131fta bulundu.<\/p>\n<p>\u00d6zellikle savunma i\u015fbirli\u011fi ve Yunanistan ile Amerika Birle\u015fik Devletleri aras\u0131ndaki stratejik diyalogla ilgili olarak B\u00fcy\u00fckel\u00e7i Pyatt, <em><strong>\u201cdoru\u011fa ula\u015fmak \u00fczereyiz, ancak hen\u00fcz ula\u015fmad\u0131k\u201d<\/strong> <\/em>dedi. Kaydedilen ilerlemeden gurur duydu\u011funu s\u00f6yleyen B\u00fcy\u00fckel\u00e7i Pyatt, askeri akt\u00f6rlerin diyalo\u011fu te\u015fvik etmeye \u00e7al\u0131\u015ft\u0131klar\u0131n\u0131 ve ABD\u2019nin Yunanistan\u2019\u0131 ortak stratejik \u00e7\u0131karlar\u0131 payla\u015ft\u0131\u011f\u0131 bir \u00fclke olarak g\u00f6rd\u00fc\u011f\u00fcn\u00fc vurgulad\u0131.<\/p>\n<p>Yunanistan\u2019da ABD B\u00fcy\u00fckel\u00e7isi olarak be\u015f y\u0131l g\u00f6rev yapan Geoffrey Pyatt, kaydedilen <em><strong>\u201cola\u011fan\u00fcst\u00fc ilerlemeden\u201d<\/strong> <\/em>s\u00f6z etti. ABD\u2019nin Yunanistan\u2019da ve ikili ili\u015fkilere yat\u0131r\u0131m yapmaya devam edece\u011fini belirterek, <em><strong>\u201cBu be\u015f y\u0131lda ikili ili\u015fkilerde kaydedilen ilerlemeden ve ayn\u0131 zamanda Yunanistan\u2019\u0131n kaydetti\u011fi ilerlemeden gurur duyuyorum.\u201d<\/strong><\/em> dedi.<\/p>\n<p>G\u00fcneydo\u011fu Avrupa\u2019dan daha geni\u015f bir \u015fekilde bahseden B\u00fcy\u00fckel\u00e7i Pyatt, ABD\u2019nin b\u00f6lgeye ba\u011fl\u0131l\u0131\u011f\u0131n\u0131n alt\u0131n\u0131 \u00e7izerken, ABD\u2019nin Avrupa ile <em><strong>\u201cdaha da \u00f6nemli hale gelen\u201d<\/strong><\/em> ortakl\u0131klar\u0131na \u00f6zel at\u0131fta bulunarak, Amerikan \u00e7\u0131karlar\u0131nda bir kayma oldu\u011fu iddialar\u0131n\u0131 reddetti.<\/p>\n<p>Kuzey Makedonya ve Arnavutluk i\u00e7in \u00fcyelik s\u00fcrecini canl\u0131 tutma gere\u011fini yineleyerek, Selanik vizyonu (2003 y\u0131l\u0131nda Bat\u0131 Balkanlar\u2019\u0131n AB\u2019ye kat\u0131l\u0131m\u0131 i\u00e7in) bug\u00fcn her zamankinden daha ger\u00e7ek. Kuzey Makedonya\u2019da Zoran Zaef\u2019in istifas\u0131n\u0131n ard\u0131ndan, <em><strong>\u201cElbette durum hakk\u0131nda endi\u015fe duyuyoruz.\u201d<\/strong><\/em> dedi.<\/p>\n","protected":false},"excerpt":{"rendered":"<p>Amerika\u2019n\u0131n Atina\u2019daki B\u00fcy\u00fckel\u00e7isi Geoffrey Pyatt, \u201cABD\u2019nin Dedea\u011fa\u00e7 planlar\u0131 T\u00fcrkiye i\u00e7in tehdit olu\u015fturmuyor\u201d ifadesini kulland\u0131. ABD\u2019nin Yunanistan B\u00fcy\u00fckel\u00e7isi Geoffrey Pyatt, Yunanistan Cumhurba\u015fkan\u0131 Katerina Sakellaropulu\u2019nun himayesinde, Yunanistan Sanayicileri Derne\u011fi (SVE) ve Delphi Ekonomik Forumu taraf\u0131ndan bug\u00fcn ve yar\u0131n Selanik\u2019te d\u00fczenlenen \u201cThessaloniki Summit 2021\u201d forumunda konu\u015ftu ve ABD\u2019nin Dedea\u011fa\u00e7\u2019taki planlar\u0131n\u0131n T\u00fcrkiye i\u00e7in bir tehdit olu\u015fturmad\u0131\u011f\u0131n\u0131 s\u00f6yledi. T\u00fcrkiye Cumhurba\u015fkan\u0131 &hellip;<\/p>\n","protected":false},"author":1,"featured_media":38415,"comment_status":"open","ping_status":"open","sticky":false,"template":"","format":"standard","meta":{"footnotes":""},"categories":[24],"tags":[77,140],"class_list":["post-38413","post","type-post","status-publish","format-standard","has-post-thumbnail","hentry","category-bati-trakyam-haber","tag-abd","tag-dedeagac"],"yoast_head":"<!-- This site is optimized with the Yoast SEO Premium plugin v26.3 (Yoast SEO v28.2) - https:\/\/yoast.com\/product\/yoast-seo-premium-wordpress\/ -->\n<title>ABD\u2019nin Dedea\u011fa\u00e7 planlar\u0131 T\u00fcrkiye i\u00e7in tehdit olu\u015fturmuyor... - Bat\u0131 Trakya Haber<\/title>\n<meta name=\"robots\" content=\"index, follow, max-snippet:-1, max-image-preview:large, max-video-preview:-1\" \/>\n<link rel=\"canonical\" href=\"https:\/\/batitrakya.net\/index.php\/abdnin-dedeagac-planlari-turkiye-icin-tehdit-olusturmuyor\/\" \/>\n<meta property=\"og:locale\" content=\"tr_TR\" \/>\n<meta property=\"og:type\" content=\"article\" \/>\n<meta property=\"og:title\" content=\"ABD\u2019nin Dedea\u011fa\u00e7 planlar\u0131 T\u00fcrkiye i\u00e7in tehdit olu\u015fturmuyor...\" \/>\n<meta property=\"og:description\" content=\"Amerika\u2019n\u0131n Atina\u2019daki B\u00fcy\u00fckel\u00e7isi Geoffrey Pyatt, \u201cABD\u2019nin Dedea\u011fa\u00e7 planlar\u0131 T\u00fcrkiye i\u00e7in tehdit olu\u015fturmuyor\u201d ifadesini kulland\u0131. ABD\u2019nin Yunanistan B\u00fcy\u00fckel\u00e7isi Geoffrey Pyatt, Yunanistan Cumhurba\u015fkan\u0131 Katerina Sakellaropulu\u2019nun himayesinde, Yunanistan Sanayicileri Derne\u011fi (SVE) ve Delphi Ekonomik Forumu taraf\u0131ndan bug\u00fcn ve yar\u0131n Selanik\u2019te d\u00fczenlenen \u201cThessaloniki Summit 2021\u201d forumunda konu\u015ftu ve ABD\u2019nin Dedea\u011fa\u00e7\u2019taki planlar\u0131n\u0131n T\u00fcrkiye i\u00e7in bir tehdit olu\u015fturmad\u0131\u011f\u0131n\u0131 s\u00f6yledi. T\u00fcrkiye Cumhurba\u015fkan\u0131 &hellip;\" \/>\n<meta property=\"og:url\" content=\"https:\/\/batitrakya.net\/index.php\/abdnin-dedeagac-planlari-turkiye-icin-tehdit-olusturmuyor\/\" \/>\n<meta property=\"og:site_name\" content=\"Bat\u0131 Trakya Haber\" \/>\n<meta property=\"article:published_time\" content=\"2021-11-04T19:41:30+00:00\" \/>\n<meta property=\"og:image\" content=\"https:\/\/batitrakya.net\/wp-content\/uploads\/2021\/11\/pyatt.jpg\" \/>\n\t<meta property=\"og:image:width\" content=\"720\" \/>\n\t<meta property=\"og:image:height\" content=\"348\" \/>\n\t<meta property=\"og:image:type\" content=\"image\/jpeg\" \/>\n<meta name=\"author\" content=\"tamer\" \/>\n<meta name=\"twitter:card\" content=\"summary_large_image\" \/>\n<meta name=\"twitter:label1\" content=\"Yazan:\" \/>\n\t<meta name=\"twitter:data1\" content=\"tamer\" \/>\n\t<meta name=\"twitter:label2\" content=\"Tahmini okuma s\u00fcresi\" \/>\n\t<meta name=\"twitter:data2\" content=\"2 dakika\" \/>\n<script type=\"application\/ld+json\" class=\"yoast-schema-graph\">{\"@context\":\"https:\\\/\\\/schema.org\",\"@graph\":[{\"@type\":\"Article\",\"@id\":\"https:\\\/\\\/batitrakya.net\\\/index.php\\\/abdnin-dedeagac-planlari-turkiye-icin-tehdit-olusturmuyor\\\/#article\",\"isPartOf\":{\"@id\":\"https:\\\/\\\/batitrakya.net\\\/index.php\\\/abdnin-dedeagac-planlari-turkiye-icin-tehdit-olusturmuyor\\\/\"},\"author\":{\"name\":\"tamer\",\"@id\":\"https:\\\/\\\/batitrakya.net\\\/#\\\/schema\\\/person\\\/61b86abbc19e5fa0bbc3059670546fe5\"},\"headline\":\"ABD\u2019nin Dedea\u011fa\u00e7 planlar\u0131 T\u00fcrkiye i\u00e7in tehdit olu\u015fturmuyor&#8230;\",\"datePublished\":\"2021-11-04T19:41:30+00:00\",\"mainEntityOfPage\":{\"@id\":\"https:\\\/\\\/batitrakya.net\\\/index.php\\\/abdnin-dedeagac-planlari-turkiye-icin-tehdit-olusturmuyor\\\/\"},\"wordCount\":448,\"commentCount\":0,\"image\":{\"@id\":\"https:\\\/\\\/batitrakya.net\\\/index.php\\\/abdnin-dedeagac-planlari-turkiye-icin-tehdit-olusturmuyor\\\/#primaryimage\"},\"thumbnailUrl\":\"https:\\\/\\\/batitrakya.net\\\/wp-content\\\/uploads\\\/2021\\\/11\\\/pyatt.jpg\",\"keywords\":[\"ABD\",\"Dedea\u011fa\u00e7\"],\"articleSection\":[\"Bat\u0131 Trakyam Haber\"],\"inLanguage\":\"tr\",\"potentialAction\":[{\"@type\":\"CommentAction\",\"name\":\"Comment\",\"target\":[\"https:\\\/\\\/batitrakya.net\\\/index.php\\\/abdnin-dedeagac-planlari-turkiye-icin-tehdit-olusturmuyor\\\/#respond\"]}],\"copyrightYear\":\"2021\",\"copyrightHolder\":{\"@id\":\"https:\\\/\\\/batitrakya.net\\\/#organization\"}},{\"@type\":\"WebPage\",\"@id\":\"https:\\\/\\\/batitrakya.net\\\/index.php\\\/abdnin-dedeagac-planlari-turkiye-icin-tehdit-olusturmuyor\\\/\",\"url\":\"https:\\\/\\\/batitrakya.net\\\/index.php\\\/abdnin-dedeagac-planlari-turkiye-icin-tehdit-olusturmuyor\\\/\",\"name\":\"ABD\u2019nin Dedea\u011fa\u00e7 planlar\u0131 T\u00fcrkiye i\u00e7in tehdit olu\u015fturmuyor... - Bat\u0131 Trakya Haber\",\"isPartOf\":{\"@id\":\"https:\\\/\\\/batitrakya.net\\\/#website\"},\"primaryImageOfPage\":{\"@id\":\"https:\\\/\\\/batitrakya.net\\\/index.php\\\/abdnin-dedeagac-planlari-turkiye-icin-tehdit-olusturmuyor\\\/#primaryimage\"},\"image\":{\"@id\":\"https:\\\/\\\/batitrakya.net\\\/index.php\\\/abdnin-dedeagac-planlari-turkiye-icin-tehdit-olusturmuyor\\\/#primaryimage\"},\"thumbnailUrl\":\"https:\\\/\\\/batitrakya.net\\\/wp-content\\\/uploads\\\/2021\\\/11\\\/pyatt.jpg\",\"datePublished\":\"2021-11-04T19:41:30+00:00\",\"author\":{\"@id\":\"https:\\\/\\\/batitrakya.net\\\/#\\\/schema\\\/person\\\/61b86abbc19e5fa0bbc3059670546fe5\"},\"breadcrumb\":{\"@id\":\"https:\\\/\\\/batitrakya.net\\\/index.php\\\/abdnin-dedeagac-planlari-turkiye-icin-tehdit-olusturmuyor\\\/#breadcrumb\"},\"inLanguage\":\"tr\",\"potentialAction\":[{\"@type\":\"ReadAction\",\"target\":[\"https:\\\/\\\/batitrakya.net\\\/index.php\\\/abdnin-dedeagac-planlari-turkiye-icin-tehdit-olusturmuyor\\\/\"]}]},{\"@type\":\"ImageObject\",\"inLanguage\":\"tr\",\"@id\":\"https:\\\/\\\/batitrakya.net\\\/index.php\\\/abdnin-dedeagac-planlari-turkiye-icin-tehdit-olusturmuyor\\\/#primaryimage\",\"url\":\"https:\\\/\\\/batitrakya.net\\\/wp-content\\\/uploads\\\/2021\\\/11\\\/pyatt.jpg\",\"contentUrl\":\"https:\\\/\\\/batitrakya.net\\\/wp-content\\\/uploads\\\/2021\\\/11\\\/pyatt.jpg\",\"width\":720,\"height\":348},{\"@type\":\"BreadcrumbList\",\"@id\":\"https:\\\/\\\/batitrakya.net\\\/index.php\\\/abdnin-dedeagac-planlari-turkiye-icin-tehdit-olusturmuyor\\\/#breadcrumb\",\"itemListElement\":[{\"@type\":\"ListItem\",\"position\":1,\"name\":\"Anasayfa\",\"item\":\"https:\\\/\\\/batitrakya.net\\\/\"},{\"@type\":\"ListItem\",\"position\":2,\"name\":\"ABD\u2019nin Dedea\u011fa\u00e7 planlar\u0131 T\u00fcrkiye i\u00e7in tehdit olu\u015fturmuyor&#8230;\"}]},{\"@type\":\"WebSite\",\"@id\":\"https:\\\/\\\/batitrakya.net\\\/#website\",\"url\":\"https:\\\/\\\/batitrakya.net\\\/\",\"name\":\"Bat\u0131 Trakya Haber\",\"description\":\"Bat\u0131 Trakyan\u0131n internetteki sesi..\",\"potentialAction\":[{\"@type\":\"SearchAction\",\"target\":{\"@type\":\"EntryPoint\",\"urlTemplate\":\"https:\\\/\\\/batitrakya.net\\\/?s={search_term_string}\"},\"query-input\":{\"@type\":\"PropertyValueSpecification\",\"valueRequired\":true,\"valueName\":\"search_term_string\"}}],\"inLanguage\":\"tr\"},{\"@type\":\"Person\",\"@id\":\"https:\\\/\\\/batitrakya.net\\\/#\\\/schema\\\/person\\\/61b86abbc19e5fa0bbc3059670546fe5\",\"name\":\"tamer\",\"image\":{\"@type\":\"ImageObject\",\"inLanguage\":\"tr\",\"@id\":\"https:\\\/\\\/secure.gravatar.com\\\/avatar\\\/60b0ff14c4376999cea9565d28b91fc61ff0f727c28cd083506a6d83ad6df9c9?s=96&d=mm&r=g\",\"url\":\"https:\\\/\\\/secure.gravatar.com\\\/avatar\\\/60b0ff14c4376999cea9565d28b91fc61ff0f727c28cd083506a6d83ad6df9c9?s=96&d=mm&r=g\",\"contentUrl\":\"https:\\\/\\\/secure.gravatar.com\\\/avatar\\\/60b0ff14c4376999cea9565d28b91fc61ff0f727c28cd083506a6d83ad6df9c9?s=96&d=mm&r=g\",\"caption\":\"tamer\"},\"sameAs\":[\"https:\\\/\\\/batitrakya.net\"],\"url\":\"https:\\\/\\\/batitrakya.net\\\/index.php\\\/author\\\/tamer\\\/\"}]}<\/script>\n<!-- \/ Yoast SEO Premium plugin. -->","yoast_head_json":{"title":"ABD\u2019nin Dedea\u011fa\u00e7 planlar\u0131 T\u00fcrkiye i\u00e7in tehdit olu\u015fturmuyor... - Bat\u0131 Trakya Haber","robots":{"index":"index","follow":"follow","max-snippet":"max-snippet:-1","max-image-preview":"max-image-preview:large","max-video-preview":"max-video-preview:-1"},"canonical":"https:\/\/batitrakya.net\/index.php\/abdnin-dedeagac-planlari-turkiye-icin-tehdit-olusturmuyor\/","og_locale":"tr_TR","og_type":"article","og_title":"ABD\u2019nin Dedea\u011fa\u00e7 planlar\u0131 T\u00fcrkiye i\u00e7in tehdit olu\u015fturmuyor...","og_description":"Amerika\u2019n\u0131n Atina\u2019daki B\u00fcy\u00fckel\u00e7isi Geoffrey Pyatt, \u201cABD\u2019nin Dedea\u011fa\u00e7 planlar\u0131 T\u00fcrkiye i\u00e7in tehdit olu\u015fturmuyor\u201d ifadesini kulland\u0131. ABD\u2019nin Yunanistan B\u00fcy\u00fckel\u00e7isi Geoffrey Pyatt, Yunanistan Cumhurba\u015fkan\u0131 Katerina Sakellaropulu\u2019nun himayesinde, Yunanistan Sanayicileri Derne\u011fi (SVE) ve Delphi Ekonomik Forumu taraf\u0131ndan bug\u00fcn ve yar\u0131n Selanik\u2019te d\u00fczenlenen \u201cThessaloniki Summit 2021\u201d forumunda konu\u015ftu ve ABD\u2019nin Dedea\u011fa\u00e7\u2019taki planlar\u0131n\u0131n T\u00fcrkiye i\u00e7in bir tehdit olu\u015fturmad\u0131\u011f\u0131n\u0131 s\u00f6yledi. T\u00fcrkiye Cumhurba\u015fkan\u0131 &hellip;","og_url":"https:\/\/batitrakya.net\/index.php\/abdnin-dedeagac-planlari-turkiye-icin-tehdit-olusturmuyor\/","og_site_name":"Bat\u0131 Trakya Haber","article_published_time":"2021-11-04T19:41:30+00:00","og_image":[{"width":720,"height":348,"url":"https:\/\/batitrakya.net\/wp-content\/uploads\/2021\/11\/pyatt.jpg","type":"image\/jpeg"}],"author":"tamer","twitter_card":"summary_large_image","twitter_misc":{"Yazan:":"tamer","Tahmini okuma s\u00fcresi":"2 dakika"},"schema":{"@context":"https:\/\/schema.org","@graph":[{"@type":"Article","@id":"https:\/\/batitrakya.net\/index.php\/abdnin-dedeagac-planlari-turkiye-icin-tehdit-olusturmuyor\/#article","isPartOf":{"@id":"https:\/\/batitrakya.net\/index.php\/abdnin-dedeagac-planlari-turkiye-icin-tehdit-olusturmuyor\/"},"author":{"name":"tamer","@id":"https:\/\/batitrakya.net\/#\/schema\/person\/61b86abbc19e5fa0bbc3059670546fe5"},"headline":"ABD\u2019nin Dedea\u011fa\u00e7 planlar\u0131 T\u00fcrkiye i\u00e7in tehdit olu\u015fturmuyor&#8230;","datePublished":"2021-11-04T19:41:30+00:00","mainEntityOfPage":{"@id":"https:\/\/batitrakya.net\/index.php\/abdnin-dedeagac-planlari-turkiye-icin-tehdit-olusturmuyor\/"},"wordCount":448,"commentCount":0,"image":{"@id":"https:\/\/batitrakya.net\/index.php\/abdnin-dedeagac-planlari-turkiye-icin-tehdit-olusturmuyor\/#primaryimage"},"thumbnailUrl":"https:\/\/batitrakya.net\/wp-content\/uploads\/2021\/11\/pyatt.jpg","keywords":["ABD","Dedea\u011fa\u00e7"],"articleSection":["Bat\u0131 Trakyam Haber"],"inLanguage":"tr","potentialAction":[{"@type":"CommentAction","name":"Comment","target":["https:\/\/batitrakya.net\/index.php\/abdnin-dedeagac-planlari-turkiye-icin-tehdit-olusturmuyor\/#respond"]}],"copyrightYear":"2021","copyrightHolder":{"@id":"https:\/\/batitrakya.net\/#organization"}},{"@type":"WebPage","@id":"https:\/\/batitrakya.net\/index.php\/abdnin-dedeagac-planlari-turkiye-icin-tehdit-olusturmuyor\/","url":"https:\/\/batitrakya.net\/index.php\/abdnin-dedeagac-planlari-turkiye-icin-tehdit-olusturmuyor\/","name":"ABD\u2019nin Dedea\u011fa\u00e7 planlar\u0131 T\u00fcrkiye i\u00e7in tehdit olu\u015fturmuyor... - Bat\u0131 Trakya Haber","isPartOf":{"@id":"https:\/\/batitrakya.net\/#website"},"primaryImageOfPage":{"@id":"https:\/\/batitrakya.net\/index.php\/abdnin-dedeagac-planlari-turkiye-icin-tehdit-olusturmuyor\/#primaryimage"},"image":{"@id":"https:\/\/batitrakya.net\/index.php\/abdnin-dedeagac-planlari-turkiye-icin-tehdit-olusturmuyor\/#primaryimage"},"thumbnailUrl":"https:\/\/batitrakya.net\/wp-content\/uploads\/2021\/11\/pyatt.jpg","datePublished":"2021-11-04T19:41:30+00:00","author":{"@id":"https:\/\/batitrakya.net\/#\/schema\/person\/61b86abbc19e5fa0bbc3059670546fe5"},"breadcrumb":{"@id":"https:\/\/batitrakya.net\/index.php\/abdnin-dedeagac-planlari-turkiye-icin-tehdit-olusturmuyor\/#breadcrumb"},"inLanguage":"tr","potentialAction":[{"@type":"ReadAction","target":["https:\/\/batitrakya.net\/index.php\/abdnin-dedeagac-planlari-turkiye-icin-tehdit-olusturmuyor\/"]}]},{"@type":"ImageObject","inLanguage":"tr","@id":"https:\/\/batitrakya.net\/index.php\/abdnin-dedeagac-planlari-turkiye-icin-tehdit-olusturmuyor\/#primaryimage","url":"https:\/\/batitrakya.net\/wp-content\/uploads\/2021\/11\/pyatt.jpg","contentUrl":"https:\/\/batitrakya.net\/wp-content\/uploads\/2021\/11\/pyatt.jpg","width":720,"height":348},{"@type":"BreadcrumbList","@id":"https:\/\/batitrakya.net\/index.php\/abdnin-dedeagac-planlari-turkiye-icin-tehdit-olusturmuyor\/#breadcrumb","itemListElement":[{"@type":"ListItem","position":1,"name":"Anasayfa","item":"https:\/\/batitrakya.net\/"},{"@type":"ListItem","position":2,"name":"ABD\u2019nin Dedea\u011fa\u00e7 planlar\u0131 T\u00fcrkiye i\u00e7in tehdit olu\u015fturmuyor&#8230;"}]},{"@type":"WebSite","@id":"https:\/\/batitrakya.net\/#website","url":"https:\/\/batitrakya.net\/","name":"Bat\u0131 Trakya Haber","description":"Bat\u0131 Trakyan\u0131n internetteki sesi..","potentialAction":[{"@type":"SearchAction","target":{"@type":"EntryPoint","urlTemplate":"https:\/\/batitrakya.net\/?s={search_term_string}"},"query-input":{"@type":"PropertyValueSpecification","valueRequired":true,"valueName":"search_term_string"}}],"inLanguage":"tr"},{"@type":"Person","@id":"https:\/\/batitrakya.net\/#\/schema\/person\/61b86abbc19e5fa0bbc3059670546fe5","name":"tamer","image":{"@type":"ImageObject","inLanguage":"tr","@id":"https:\/\/secure.gravatar.com\/avatar\/60b0ff14c4376999cea9565d28b91fc61ff0f727c28cd083506a6d83ad6df9c9?s=96&d=mm&r=g","url":"https:\/\/secure.gravatar.com\/avatar\/60b0ff14c4376999cea9565d28b91fc61ff0f727c28cd083506a6d83ad6df9c9?s=96&d=mm&r=g","contentUrl":"https:\/\/secure.gravatar.com\/avatar\/60b0ff14c4376999cea9565d28b91fc61ff0f727c28cd083506a6d83ad6df9c9?s=96&d=mm&r=g","caption":"tamer"},"sameAs":["https:\/\/batitrakya.net"],"url":"https:\/\/batitrakya.net\/index.php\/author\/tamer\/"}]}},"_links":{"self":[{"href":"https:\/\/batitrakya.net\/index.php\/wp-json\/wp\/v2\/posts\/38413","targetHints":{"allow":["GET"]}}],"collection":[{"href":"https:\/\/batitrakya.net\/index.php\/wp-json\/wp\/v2\/posts"}],"about":[{"href":"https:\/\/batitrakya.net\/index.php\/wp-json\/wp\/v2\/types\/post"}],"author":[{"embeddable":true,"href":"https:\/\/batitrakya.net\/index.php\/wp-json\/wp\/v2\/users\/1"}],"replies":[{"embeddable":true,"href":"https:\/\/batitrakya.net\/index.php\/wp-json\/wp\/v2\/comments?post=38413"}],"version-history":[{"count":0,"href":"https:\/\/batitrakya.net\/index.php\/wp-json\/wp\/v2\/posts\/38413\/revisions"}],"wp:featuredmedia":[{"embeddable":true,"href":"https:\/\/batitrakya.net\/index.php\/wp-json\/wp\/v2\/media\/38415"}],"wp:attachment":[{"href":"https:\/\/batitrakya.net\/index.php\/wp-json\/wp\/v2\/media?parent=38413"}],"wp:term":[{"taxonomy":"category","embeddable":true,"href":"https:\/\/batitrakya.net\/index.php\/wp-json\/wp\/v2\/categories?post=38413"},{"taxonomy":"post_tag","embeddable":true,"href":"https:\/\/batitrakya.net\/index.php\/wp-json\/wp\/v2\/tags?post=38413"}],"curies":[{"name":"wp","href":"https:\/\/api.w.org\/{rel}","templated":true}]}}