{"id":39324,"date":"2022-01-15T19:24:45","date_gmt":"2022-01-15T16:24:45","guid":{"rendered":"https:\/\/batitrakya.net\/?p=39324"},"modified":"2022-01-15T19:24:45","modified_gmt":"2022-01-15T16:24:45","slug":"levent-ahmetturkiye-yunanistan-is-konseyinde-guven-tazeledi","status":"publish","type":"post","link":"https:\/\/batitrakya.net\/index.php\/levent-ahmetturkiye-yunanistan-is-konseyinde-guven-tazeledi\/","title":{"rendered":"Levent Ahmet,T\u00fcrkiye\u2013Yunanistan \u0130\u015f Konseyinde g\u00fcven tazeledi&#8230;"},"content":{"rendered":"<p>D\u0131\u015f Ekonomik \u0130li\u015fkiler Kurulu \u0130\u015f Konseyleri 2021 Y\u0131l\u0131 Se\u00e7imli Ola\u011fan Genel Kurulu ger\u00e7ekle\u015ftirildi.<\/p>\n<p>\u0130ki d\u00f6nemdir DE\u0130K T\u00fcrkiye &#8211; Yunanistan \u0130\u015f Konseyi Ba\u015fkanl\u0131\u011f\u0131 g\u00f6revini s\u00fcrd\u00fcren Levent Sad\u0131k Ahmet, yeniden i\u015f konseyi ba\u015fkan\u0131 olarak se\u00e7ildi.<\/p>\n<p>Faaliyetlerine yeni y\u00fcr\u00fctme kurulu \u00fcyeleri ile birlikte devam edecek olan Levent Sad\u0131k Ahmet, Yunanistan ile ticaretin geli\u015fmesi ad\u0131na, iki \u00fclke i\u015f insanlar\u0131n\u0131 daha \u00e7ok bir araya getirmeyi ama\u00e7lad\u0131\u011f\u0131n\u0131 belirtti.<\/p>\n<p>Ahmet, sosyal medya hesab\u0131ndan yapt\u0131\u011f\u0131 payla\u015f\u0131mda \u015funlar\u0131 dile getirdi: \u201cDE\u0130K se\u00e7imli ola\u011fan genel kurullar\u0131 i\u015f konseyleri se\u00e7imlerinde \u00fc\u00e7\u00fcnc\u00fc kez Yunanistan \u0130\u015f konseyi Ba\u015fkan\u0131 se\u00e7ilmi\u015f bulunmaktay\u0131m. Y\u00f6netim kuruluma te\u015fekk\u00fcr ederim.<\/p>\n","protected":false},"excerpt":{"rendered":"<p>D\u0131\u015f Ekonomik \u0130li\u015fkiler Kurulu \u0130\u015f Konseyleri 2021 Y\u0131l\u0131 Se\u00e7imli Ola\u011fan Genel Kurulu ger\u00e7ekle\u015ftirildi. \u0130ki d\u00f6nemdir DE\u0130K T\u00fcrkiye &#8211; Yunanistan \u0130\u015f Konseyi Ba\u015fkanl\u0131\u011f\u0131 g\u00f6revini s\u00fcrd\u00fcren Levent Sad\u0131k Ahmet, yeniden i\u015f konseyi ba\u015fkan\u0131 olarak se\u00e7ildi. Faaliyetlerine yeni y\u00fcr\u00fctme kurulu \u00fcyeleri ile birlikte devam edecek olan Levent Sad\u0131k Ahmet, Yunanistan ile ticaretin geli\u015fmesi ad\u0131na, iki \u00fclke i\u015f insanlar\u0131n\u0131 &hellip;<\/p>\n","protected":false},"author":1,"featured_media":39326,"comment_status":"open","ping_status":"open","sticky":false,"template":"","format":"standard","meta":{"footnotes":""},"categories":[24,57],"tags":[253],"class_list":["post-39324","post","type-post","status-publish","format-standard","has-post-thumbnail","hentry","category-bati-trakyam-haber","category-yunanistan","tag-deik"],"yoast_head":"<!-- This site is optimized with the Yoast SEO Premium plugin v26.3 (Yoast SEO v28.2) - https:\/\/yoast.com\/product\/yoast-seo-premium-wordpress\/ -->\n<title>Levent Ahmet,T\u00fcrkiye\u2013Yunanistan \u0130\u015f Konseyinde g\u00fcven tazeledi... - Bat\u0131 Trakya Haber<\/title>\n<meta name=\"robots\" content=\"index, follow, max-snippet:-1, max-image-preview:large, max-video-preview:-1\" \/>\n<link rel=\"canonical\" href=\"https:\/\/batitrakya.net\/index.php\/levent-ahmetturkiye-yunanistan-is-konseyinde-guven-tazeledi\/\" \/>\n<meta property=\"og:locale\" content=\"tr_TR\" \/>\n<meta property=\"og:type\" content=\"article\" \/>\n<meta property=\"og:title\" content=\"Levent Ahmet,T\u00fcrkiye\u2013Yunanistan \u0130\u015f Konseyinde g\u00fcven tazeledi...\" \/>\n<meta property=\"og:description\" content=\"D\u0131\u015f Ekonomik \u0130li\u015fkiler Kurulu \u0130\u015f Konseyleri 2021 Y\u0131l\u0131 Se\u00e7imli Ola\u011fan Genel Kurulu ger\u00e7ekle\u015ftirildi. \u0130ki d\u00f6nemdir DE\u0130K T\u00fcrkiye &#8211; Yunanistan \u0130\u015f Konseyi Ba\u015fkanl\u0131\u011f\u0131 g\u00f6revini s\u00fcrd\u00fcren Levent Sad\u0131k Ahmet, yeniden i\u015f konseyi ba\u015fkan\u0131 olarak se\u00e7ildi. Faaliyetlerine yeni y\u00fcr\u00fctme kurulu \u00fcyeleri ile birlikte devam edecek olan Levent Sad\u0131k Ahmet, Yunanistan ile ticaretin geli\u015fmesi ad\u0131na, iki \u00fclke i\u015f insanlar\u0131n\u0131 &hellip;\" \/>\n<meta property=\"og:url\" content=\"https:\/\/batitrakya.net\/index.php\/levent-ahmetturkiye-yunanistan-is-konseyinde-guven-tazeledi\/\" \/>\n<meta property=\"og:site_name\" content=\"Bat\u0131 Trakya Haber\" \/>\n<meta property=\"article:published_time\" content=\"2022-01-15T16:24:45+00:00\" \/>\n<meta property=\"og:image\" content=\"https:\/\/batitrakya.net\/wp-content\/uploads\/2022\/01\/levent_ahmet.jpeg\" \/>\n\t<meta property=\"og:image:width\" content=\"720\" \/>\n\t<meta property=\"og:image:height\" content=\"348\" \/>\n\t<meta property=\"og:image:type\" content=\"image\/jpeg\" \/>\n<meta name=\"author\" content=\"tamer\" \/>\n<meta name=\"twitter:card\" content=\"summary_large_image\" \/>\n<meta name=\"twitter:label1\" content=\"Yazan:\" \/>\n\t<meta name=\"twitter:data1\" content=\"tamer\" \/>\n\t<meta name=\"twitter:label2\" content=\"Tahmini okuma s\u00fcresi\" \/>\n\t<meta name=\"twitter:data2\" content=\"1 dakika\" \/>\n<script type=\"application\/ld+json\" class=\"yoast-schema-graph\">{\"@context\":\"https:\\\/\\\/schema.org\",\"@graph\":[{\"@type\":\"Article\",\"@id\":\"https:\\\/\\\/batitrakya.net\\\/index.php\\\/levent-ahmetturkiye-yunanistan-is-konseyinde-guven-tazeledi\\\/#article\",\"isPartOf\":{\"@id\":\"https:\\\/\\\/batitrakya.net\\\/index.php\\\/levent-ahmetturkiye-yunanistan-is-konseyinde-guven-tazeledi\\\/\"},\"author\":{\"name\":\"tamer\",\"@id\":\"https:\\\/\\\/batitrakya.net\\\/#\\\/schema\\\/person\\\/61b86abbc19e5fa0bbc3059670546fe5\"},\"headline\":\"Levent Ahmet,T\u00fcrkiye\u2013Yunanistan \u0130\u015f Konseyinde g\u00fcven tazeledi&#8230;\",\"datePublished\":\"2022-01-15T16:24:45+00:00\",\"mainEntityOfPage\":{\"@id\":\"https:\\\/\\\/batitrakya.net\\\/index.php\\\/levent-ahmetturkiye-yunanistan-is-konseyinde-guven-tazeledi\\\/\"},\"wordCount\":132,\"commentCount\":0,\"image\":{\"@id\":\"https:\\\/\\\/batitrakya.net\\\/index.php\\\/levent-ahmetturkiye-yunanistan-is-konseyinde-guven-tazeledi\\\/#primaryimage\"},\"thumbnailUrl\":\"https:\\\/\\\/batitrakya.net\\\/wp-content\\\/uploads\\\/2022\\\/01\\\/levent_ahmet.jpeg\",\"keywords\":[\"DE\u0130K\"],\"articleSection\":[\"Bat\u0131 Trakyam Haber\",\"Yunanistan Haber\"],\"inLanguage\":\"tr\",\"potentialAction\":[{\"@type\":\"CommentAction\",\"name\":\"Comment\",\"target\":[\"https:\\\/\\\/batitrakya.net\\\/index.php\\\/levent-ahmetturkiye-yunanistan-is-konseyinde-guven-tazeledi\\\/#respond\"]}],\"copyrightYear\":\"2022\",\"copyrightHolder\":{\"@id\":\"https:\\\/\\\/batitrakya.net\\\/#organization\"}},{\"@type\":\"WebPage\",\"@id\":\"https:\\\/\\\/batitrakya.net\\\/index.php\\\/levent-ahmetturkiye-yunanistan-is-konseyinde-guven-tazeledi\\\/\",\"url\":\"https:\\\/\\\/batitrakya.net\\\/index.php\\\/levent-ahmetturkiye-yunanistan-is-konseyinde-guven-tazeledi\\\/\",\"name\":\"Levent Ahmet,T\u00fcrkiye\u2013Yunanistan \u0130\u015f Konseyinde g\u00fcven tazeledi... - Bat\u0131 Trakya Haber\",\"isPartOf\":{\"@id\":\"https:\\\/\\\/batitrakya.net\\\/#website\"},\"primaryImageOfPage\":{\"@id\":\"https:\\\/\\\/batitrakya.net\\\/index.php\\\/levent-ahmetturkiye-yunanistan-is-konseyinde-guven-tazeledi\\\/#primaryimage\"},\"image\":{\"@id\":\"https:\\\/\\\/batitrakya.net\\\/index.php\\\/levent-ahmetturkiye-yunanistan-is-konseyinde-guven-tazeledi\\\/#primaryimage\"},\"thumbnailUrl\":\"https:\\\/\\\/batitrakya.net\\\/wp-content\\\/uploads\\\/2022\\\/01\\\/levent_ahmet.jpeg\",\"datePublished\":\"2022-01-15T16:24:45+00:00\",\"author\":{\"@id\":\"https:\\\/\\\/batitrakya.net\\\/#\\\/schema\\\/person\\\/61b86abbc19e5fa0bbc3059670546fe5\"},\"breadcrumb\":{\"@id\":\"https:\\\/\\\/batitrakya.net\\\/index.php\\\/levent-ahmetturkiye-yunanistan-is-konseyinde-guven-tazeledi\\\/#breadcrumb\"},\"inLanguage\":\"tr\",\"potentialAction\":[{\"@type\":\"ReadAction\",\"target\":[\"https:\\\/\\\/batitrakya.net\\\/index.php\\\/levent-ahmetturkiye-yunanistan-is-konseyinde-guven-tazeledi\\\/\"]}]},{\"@type\":\"ImageObject\",\"inLanguage\":\"tr\",\"@id\":\"https:\\\/\\\/batitrakya.net\\\/index.php\\\/levent-ahmetturkiye-yunanistan-is-konseyinde-guven-tazeledi\\\/#primaryimage\",\"url\":\"https:\\\/\\\/batitrakya.net\\\/wp-content\\\/uploads\\\/2022\\\/01\\\/levent_ahmet.jpeg\",\"contentUrl\":\"https:\\\/\\\/batitrakya.net\\\/wp-content\\\/uploads\\\/2022\\\/01\\\/levent_ahmet.jpeg\",\"width\":720,\"height\":348},{\"@type\":\"BreadcrumbList\",\"@id\":\"https:\\\/\\\/batitrakya.net\\\/index.php\\\/levent-ahmetturkiye-yunanistan-is-konseyinde-guven-tazeledi\\\/#breadcrumb\",\"itemListElement\":[{\"@type\":\"ListItem\",\"position\":1,\"name\":\"Anasayfa\",\"item\":\"https:\\\/\\\/batitrakya.net\\\/\"},{\"@type\":\"ListItem\",\"position\":2,\"name\":\"Levent Ahmet,T\u00fcrkiye\u2013Yunanistan \u0130\u015f Konseyinde g\u00fcven tazeledi&#8230;\"}]},{\"@type\":\"WebSite\",\"@id\":\"https:\\\/\\\/batitrakya.net\\\/#website\",\"url\":\"https:\\\/\\\/batitrakya.net\\\/\",\"name\":\"Bat\u0131 Trakya Haber\",\"description\":\"Bat\u0131 Trakyan\u0131n internetteki sesi..\",\"potentialAction\":[{\"@type\":\"SearchAction\",\"target\":{\"@type\":\"EntryPoint\",\"urlTemplate\":\"https:\\\/\\\/batitrakya.net\\\/?s={search_term_string}\"},\"query-input\":{\"@type\":\"PropertyValueSpecification\",\"valueRequired\":true,\"valueName\":\"search_term_string\"}}],\"inLanguage\":\"tr\"},{\"@type\":\"Person\",\"@id\":\"https:\\\/\\\/batitrakya.net\\\/#\\\/schema\\\/person\\\/61b86abbc19e5fa0bbc3059670546fe5\",\"name\":\"tamer\",\"image\":{\"@type\":\"ImageObject\",\"inLanguage\":\"tr\",\"@id\":\"https:\\\/\\\/secure.gravatar.com\\\/avatar\\\/60b0ff14c4376999cea9565d28b91fc61ff0f727c28cd083506a6d83ad6df9c9?s=96&d=mm&r=g\",\"url\":\"https:\\\/\\\/secure.gravatar.com\\\/avatar\\\/60b0ff14c4376999cea9565d28b91fc61ff0f727c28cd083506a6d83ad6df9c9?s=96&d=mm&r=g\",\"contentUrl\":\"https:\\\/\\\/secure.gravatar.com\\\/avatar\\\/60b0ff14c4376999cea9565d28b91fc61ff0f727c28cd083506a6d83ad6df9c9?s=96&d=mm&r=g\",\"caption\":\"tamer\"},\"sameAs\":[\"https:\\\/\\\/batitrakya.net\"],\"url\":\"https:\\\/\\\/batitrakya.net\\\/index.php\\\/author\\\/tamer\\\/\"}]}<\/script>\n<!-- \/ Yoast SEO Premium plugin. -->","yoast_head_json":{"title":"Levent Ahmet,T\u00fcrkiye\u2013Yunanistan \u0130\u015f Konseyinde g\u00fcven tazeledi... - Bat\u0131 Trakya Haber","robots":{"index":"index","follow":"follow","max-snippet":"max-snippet:-1","max-image-preview":"max-image-preview:large","max-video-preview":"max-video-preview:-1"},"canonical":"https:\/\/batitrakya.net\/index.php\/levent-ahmetturkiye-yunanistan-is-konseyinde-guven-tazeledi\/","og_locale":"tr_TR","og_type":"article","og_title":"Levent Ahmet,T\u00fcrkiye\u2013Yunanistan \u0130\u015f Konseyinde g\u00fcven tazeledi...","og_description":"D\u0131\u015f Ekonomik \u0130li\u015fkiler Kurulu \u0130\u015f Konseyleri 2021 Y\u0131l\u0131 Se\u00e7imli Ola\u011fan Genel Kurulu ger\u00e7ekle\u015ftirildi. \u0130ki d\u00f6nemdir DE\u0130K T\u00fcrkiye &#8211; Yunanistan \u0130\u015f Konseyi Ba\u015fkanl\u0131\u011f\u0131 g\u00f6revini s\u00fcrd\u00fcren Levent Sad\u0131k Ahmet, yeniden i\u015f konseyi ba\u015fkan\u0131 olarak se\u00e7ildi. Faaliyetlerine yeni y\u00fcr\u00fctme kurulu \u00fcyeleri ile birlikte devam edecek olan Levent Sad\u0131k Ahmet, Yunanistan ile ticaretin geli\u015fmesi ad\u0131na, iki \u00fclke i\u015f insanlar\u0131n\u0131 &hellip;","og_url":"https:\/\/batitrakya.net\/index.php\/levent-ahmetturkiye-yunanistan-is-konseyinde-guven-tazeledi\/","og_site_name":"Bat\u0131 Trakya Haber","article_published_time":"2022-01-15T16:24:45+00:00","og_image":[{"width":720,"height":348,"url":"https:\/\/batitrakya.net\/wp-content\/uploads\/2022\/01\/levent_ahmet.jpeg","type":"image\/jpeg"}],"author":"tamer","twitter_card":"summary_large_image","twitter_misc":{"Yazan:":"tamer","Tahmini okuma s\u00fcresi":"1 dakika"},"schema":{"@context":"https:\/\/schema.org","@graph":[{"@type":"Article","@id":"https:\/\/batitrakya.net\/index.php\/levent-ahmetturkiye-yunanistan-is-konseyinde-guven-tazeledi\/#article","isPartOf":{"@id":"https:\/\/batitrakya.net\/index.php\/levent-ahmetturkiye-yunanistan-is-konseyinde-guven-tazeledi\/"},"author":{"name":"tamer","@id":"https:\/\/batitrakya.net\/#\/schema\/person\/61b86abbc19e5fa0bbc3059670546fe5"},"headline":"Levent Ahmet,T\u00fcrkiye\u2013Yunanistan \u0130\u015f Konseyinde g\u00fcven tazeledi&#8230;","datePublished":"2022-01-15T16:24:45+00:00","mainEntityOfPage":{"@id":"https:\/\/batitrakya.net\/index.php\/levent-ahmetturkiye-yunanistan-is-konseyinde-guven-tazeledi\/"},"wordCount":132,"commentCount":0,"image":{"@id":"https:\/\/batitrakya.net\/index.php\/levent-ahmetturkiye-yunanistan-is-konseyinde-guven-tazeledi\/#primaryimage"},"thumbnailUrl":"https:\/\/batitrakya.net\/wp-content\/uploads\/2022\/01\/levent_ahmet.jpeg","keywords":["DE\u0130K"],"articleSection":["Bat\u0131 Trakyam Haber","Yunanistan Haber"],"inLanguage":"tr","potentialAction":[{"@type":"CommentAction","name":"Comment","target":["https:\/\/batitrakya.net\/index.php\/levent-ahmetturkiye-yunanistan-is-konseyinde-guven-tazeledi\/#respond"]}],"copyrightYear":"2022","copyrightHolder":{"@id":"https:\/\/batitrakya.net\/#organization"}},{"@type":"WebPage","@id":"https:\/\/batitrakya.net\/index.php\/levent-ahmetturkiye-yunanistan-is-konseyinde-guven-tazeledi\/","url":"https:\/\/batitrakya.net\/index.php\/levent-ahmetturkiye-yunanistan-is-konseyinde-guven-tazeledi\/","name":"Levent Ahmet,T\u00fcrkiye\u2013Yunanistan \u0130\u015f Konseyinde g\u00fcven tazeledi... - Bat\u0131 Trakya Haber","isPartOf":{"@id":"https:\/\/batitrakya.net\/#website"},"primaryImageOfPage":{"@id":"https:\/\/batitrakya.net\/index.php\/levent-ahmetturkiye-yunanistan-is-konseyinde-guven-tazeledi\/#primaryimage"},"image":{"@id":"https:\/\/batitrakya.net\/index.php\/levent-ahmetturkiye-yunanistan-is-konseyinde-guven-tazeledi\/#primaryimage"},"thumbnailUrl":"https:\/\/batitrakya.net\/wp-content\/uploads\/2022\/01\/levent_ahmet.jpeg","datePublished":"2022-01-15T16:24:45+00:00","author":{"@id":"https:\/\/batitrakya.net\/#\/schema\/person\/61b86abbc19e5fa0bbc3059670546fe5"},"breadcrumb":{"@id":"https:\/\/batitrakya.net\/index.php\/levent-ahmetturkiye-yunanistan-is-konseyinde-guven-tazeledi\/#breadcrumb"},"inLanguage":"tr","potentialAction":[{"@type":"ReadAction","target":["https:\/\/batitrakya.net\/index.php\/levent-ahmetturkiye-yunanistan-is-konseyinde-guven-tazeledi\/"]}]},{"@type":"ImageObject","inLanguage":"tr","@id":"https:\/\/batitrakya.net\/index.php\/levent-ahmetturkiye-yunanistan-is-konseyinde-guven-tazeledi\/#primaryimage","url":"https:\/\/batitrakya.net\/wp-content\/uploads\/2022\/01\/levent_ahmet.jpeg","contentUrl":"https:\/\/batitrakya.net\/wp-content\/uploads\/2022\/01\/levent_ahmet.jpeg","width":720,"height":348},{"@type":"BreadcrumbList","@id":"https:\/\/batitrakya.net\/index.php\/levent-ahmetturkiye-yunanistan-is-konseyinde-guven-tazeledi\/#breadcrumb","itemListElement":[{"@type":"ListItem","position":1,"name":"Anasayfa","item":"https:\/\/batitrakya.net\/"},{"@type":"ListItem","position":2,"name":"Levent Ahmet,T\u00fcrkiye\u2013Yunanistan \u0130\u015f Konseyinde g\u00fcven tazeledi&#8230;"}]},{"@type":"WebSite","@id":"https:\/\/batitrakya.net\/#website","url":"https:\/\/batitrakya.net\/","name":"Bat\u0131 Trakya Haber","description":"Bat\u0131 Trakyan\u0131n internetteki sesi..","potentialAction":[{"@type":"SearchAction","target":{"@type":"EntryPoint","urlTemplate":"https:\/\/batitrakya.net\/?s={search_term_string}"},"query-input":{"@type":"PropertyValueSpecification","valueRequired":true,"valueName":"search_term_string"}}],"inLanguage":"tr"},{"@type":"Person","@id":"https:\/\/batitrakya.net\/#\/schema\/person\/61b86abbc19e5fa0bbc3059670546fe5","name":"tamer","image":{"@type":"ImageObject","inLanguage":"tr","@id":"https:\/\/secure.gravatar.com\/avatar\/60b0ff14c4376999cea9565d28b91fc61ff0f727c28cd083506a6d83ad6df9c9?s=96&d=mm&r=g","url":"https:\/\/secure.gravatar.com\/avatar\/60b0ff14c4376999cea9565d28b91fc61ff0f727c28cd083506a6d83ad6df9c9?s=96&d=mm&r=g","contentUrl":"https:\/\/secure.gravatar.com\/avatar\/60b0ff14c4376999cea9565d28b91fc61ff0f727c28cd083506a6d83ad6df9c9?s=96&d=mm&r=g","caption":"tamer"},"sameAs":["https:\/\/batitrakya.net"],"url":"https:\/\/batitrakya.net\/index.php\/author\/tamer\/"}]}},"_links":{"self":[{"href":"https:\/\/batitrakya.net\/index.php\/wp-json\/wp\/v2\/posts\/39324","targetHints":{"allow":["GET"]}}],"collection":[{"href":"https:\/\/batitrakya.net\/index.php\/wp-json\/wp\/v2\/posts"}],"about":[{"href":"https:\/\/batitrakya.net\/index.php\/wp-json\/wp\/v2\/types\/post"}],"author":[{"embeddable":true,"href":"https:\/\/batitrakya.net\/index.php\/wp-json\/wp\/v2\/users\/1"}],"replies":[{"embeddable":true,"href":"https:\/\/batitrakya.net\/index.php\/wp-json\/wp\/v2\/comments?post=39324"}],"version-history":[{"count":0,"href":"https:\/\/batitrakya.net\/index.php\/wp-json\/wp\/v2\/posts\/39324\/revisions"}],"wp:featuredmedia":[{"embeddable":true,"href":"https:\/\/batitrakya.net\/index.php\/wp-json\/wp\/v2\/media\/39326"}],"wp:attachment":[{"href":"https:\/\/batitrakya.net\/index.php\/wp-json\/wp\/v2\/media?parent=39324"}],"wp:term":[{"taxonomy":"category","embeddable":true,"href":"https:\/\/batitrakya.net\/index.php\/wp-json\/wp\/v2\/categories?post=39324"},{"taxonomy":"post_tag","embeddable":true,"href":"https:\/\/batitrakya.net\/index.php\/wp-json\/wp\/v2\/tags?post=39324"}],"curies":[{"name":"wp","href":"https:\/\/api.w.org\/{rel}","templated":true}]}}