{"id":40275,"date":"2022-04-05T14:02:33","date_gmt":"2022-04-05T11:02:33","guid":{"rendered":"https:\/\/batitrakya.net\/?p=40275"},"modified":"2022-04-05T14:02:33","modified_gmt":"2022-04-05T11:02:33","slug":"bttdd-genel-merkezde-gorev-dagilimi-yapildi","status":"publish","type":"post","link":"https:\/\/batitrakya.net\/index.php\/bttdd-genel-merkezde-gorev-dagilimi-yapildi\/","title":{"rendered":"BTTDD Genel Merkez\u2019de g\u00f6rev da\u011f\u0131l\u0131m\u0131 yap\u0131ld\u0131&#8230;"},"content":{"rendered":"<p>\u0130stanbul Bak\u0131rk\u00f6y\u2019de 27 Mart Pazar g\u00fcn\u00fc ger\u00e7ekle\u015fen 56. Ola\u011fan Genel Kurul&#8217;da, Bat\u0131 Trakya T\u00fcrkleri Dayan\u0131\u015fma Derne\u011fi Genel Ba\u015fkan\u0131 se\u00e7ilen Hasan K\u00fc\u00e7\u00fck ve ekibi, 31 Mart\u2019ta d\u00fczenlenen t\u00f6renle g\u00f6revi Necmettin H\u00fcseyin Adaleto\u011flu\u2019ndan devrald\u0131.<\/p>\n<p>Devir teslim t\u00f6reni Bat\u0131 Trakya T\u00fcrkleri Dayan\u0131\u015fma Derne\u011fi Ara\u015ft\u0131rma Merkezinde ger\u00e7ekle\u015fti. T\u00f6ren \u00f6ncesi eski ba\u015fkan Necmettin H\u00fcseyin Adaleto\u011flu, programa kat\u0131lan eski \u015fube ba\u015fkan\u0131, spor kul\u00fcb\u00fc ba\u015fkan\u0131 ve davaya hizmet etmi\u015f ki\u015filere 75. Y\u0131l an\u0131s\u0131na haz\u0131rlanan an\u0131 plaketlerini takdim etti.<\/p>\n<p>G\u00f6rev devir tesliminden sonra yeni ba\u015fkan Hasan K\u00fc\u00e7\u00fck ba\u015fkanl\u0131\u011f\u0131nda toplanan y\u00f6netim kurulu, g\u00f6rev b\u00f6l\u00fcm\u00fc yaparak \u00e7al\u0131\u015fmalara ba\u015flad\u0131.<\/p>\n<p><strong>Genel Ba\u015fkan Hasan K\u00fc\u00e7\u00fck\u2019\u00fcn listesinden se\u00e7ilen y\u00f6netim kurulu \u00fcyelerinin g\u00f6rev da\u011f\u0131l\u0131m\u0131 \u015f\u00f6yle:<\/strong><\/p>\n<p><strong>2. Ba\u015fkan: Mehmet Hasano\u011flu<\/strong><\/p>\n<p><strong>Genel Sekreter: Besim \u0130smailba\u015fa<\/strong><\/p>\n<p><strong>Te\u015fkilat Ba\u015fkan\u0131: Musa Yurt<\/strong><\/p>\n<p><strong>Sayman \/ Veznedar: Adnan Apti<\/strong><\/p>\n<p><strong>Genel Ba\u015fkan Yard\u0131mc\u0131lar\u0131: Ahmet Dedea\u011fa\u00e7l\u0131, Aylin Seri, Bilgenur Y\u0131ld\u0131r\u0131m Uzun, Burcu Ahmet, Eray Bodur ve \u00d6zg\u00fcr Egeli.<\/strong><\/p>\n","protected":false},"excerpt":{"rendered":"<p>\u0130stanbul Bak\u0131rk\u00f6y\u2019de 27 Mart Pazar g\u00fcn\u00fc ger\u00e7ekle\u015fen 56. Ola\u011fan Genel Kurul&#8217;da, Bat\u0131 Trakya T\u00fcrkleri Dayan\u0131\u015fma Derne\u011fi Genel Ba\u015fkan\u0131 se\u00e7ilen Hasan K\u00fc\u00e7\u00fck ve ekibi, 31 Mart\u2019ta d\u00fczenlenen t\u00f6renle g\u00f6revi Necmettin H\u00fcseyin Adaleto\u011flu\u2019ndan devrald\u0131. Devir teslim t\u00f6reni Bat\u0131 Trakya T\u00fcrkleri Dayan\u0131\u015fma Derne\u011fi Ara\u015ft\u0131rma Merkezinde ger\u00e7ekle\u015fti. T\u00f6ren \u00f6ncesi eski ba\u015fkan Necmettin H\u00fcseyin Adaleto\u011flu, programa kat\u0131lan eski \u015fube ba\u015fkan\u0131, &hellip;<\/p>\n","protected":false},"author":1,"featured_media":40277,"comment_status":"open","ping_status":"open","sticky":false,"template":"","format":"standard","meta":{"footnotes":""},"categories":[24],"tags":[69],"class_list":["post-40275","post","type-post","status-publish","format-standard","has-post-thumbnail","hentry","category-bati-trakyam-haber","tag-bttdd"],"yoast_head":"<!-- This site is optimized with the Yoast SEO Premium plugin v26.3 (Yoast SEO v28.2) - https:\/\/yoast.com\/product\/yoast-seo-premium-wordpress\/ -->\n<title>BTTDD Genel Merkez\u2019de g\u00f6rev da\u011f\u0131l\u0131m\u0131 yap\u0131ld\u0131... - Bat\u0131 Trakya Haber<\/title>\n<meta name=\"robots\" content=\"index, follow, max-snippet:-1, max-image-preview:large, max-video-preview:-1\" \/>\n<link rel=\"canonical\" href=\"https:\/\/batitrakya.net\/index.php\/bttdd-genel-merkezde-gorev-dagilimi-yapildi\/\" \/>\n<meta property=\"og:locale\" content=\"tr_TR\" \/>\n<meta property=\"og:type\" content=\"article\" \/>\n<meta property=\"og:title\" content=\"BTTDD Genel Merkez\u2019de g\u00f6rev da\u011f\u0131l\u0131m\u0131 yap\u0131ld\u0131...\" \/>\n<meta property=\"og:description\" content=\"\u0130stanbul Bak\u0131rk\u00f6y\u2019de 27 Mart Pazar g\u00fcn\u00fc ger\u00e7ekle\u015fen 56. Ola\u011fan Genel Kurul&#8217;da, Bat\u0131 Trakya T\u00fcrkleri Dayan\u0131\u015fma Derne\u011fi Genel Ba\u015fkan\u0131 se\u00e7ilen Hasan K\u00fc\u00e7\u00fck ve ekibi, 31 Mart\u2019ta d\u00fczenlenen t\u00f6renle g\u00f6revi Necmettin H\u00fcseyin Adaleto\u011flu\u2019ndan devrald\u0131. Devir teslim t\u00f6reni Bat\u0131 Trakya T\u00fcrkleri Dayan\u0131\u015fma Derne\u011fi Ara\u015ft\u0131rma Merkezinde ger\u00e7ekle\u015fti. T\u00f6ren \u00f6ncesi eski ba\u015fkan Necmettin H\u00fcseyin Adaleto\u011flu, programa kat\u0131lan eski \u015fube ba\u015fkan\u0131, &hellip;\" \/>\n<meta property=\"og:url\" content=\"https:\/\/batitrakya.net\/index.php\/bttdd-genel-merkezde-gorev-dagilimi-yapildi\/\" \/>\n<meta property=\"og:site_name\" content=\"Bat\u0131 Trakya Haber\" \/>\n<meta property=\"article:published_time\" content=\"2022-04-05T11:02:33+00:00\" \/>\n<meta property=\"og:image\" content=\"https:\/\/batitrakya.net\/wp-content\/uploads\/2022\/04\/bttdd_gorevdagilimi.jpg\" \/>\n\t<meta property=\"og:image:width\" content=\"720\" \/>\n\t<meta property=\"og:image:height\" content=\"348\" \/>\n\t<meta property=\"og:image:type\" content=\"image\/jpeg\" \/>\n<meta name=\"author\" content=\"tamer\" \/>\n<meta name=\"twitter:card\" content=\"summary_large_image\" \/>\n<meta name=\"twitter:label1\" content=\"Yazan:\" \/>\n\t<meta name=\"twitter:data1\" content=\"tamer\" \/>\n\t<meta name=\"twitter:label2\" content=\"Tahmini okuma s\u00fcresi\" \/>\n\t<meta name=\"twitter:data2\" content=\"1 dakika\" \/>\n<script type=\"application\/ld+json\" class=\"yoast-schema-graph\">{\"@context\":\"https:\\\/\\\/schema.org\",\"@graph\":[{\"@type\":\"Article\",\"@id\":\"https:\\\/\\\/batitrakya.net\\\/index.php\\\/bttdd-genel-merkezde-gorev-dagilimi-yapildi\\\/#article\",\"isPartOf\":{\"@id\":\"https:\\\/\\\/batitrakya.net\\\/index.php\\\/bttdd-genel-merkezde-gorev-dagilimi-yapildi\\\/\"},\"author\":{\"name\":\"tamer\",\"@id\":\"https:\\\/\\\/batitrakya.net\\\/#\\\/schema\\\/person\\\/61b86abbc19e5fa0bbc3059670546fe5\"},\"headline\":\"BTTDD Genel Merkez\u2019de g\u00f6rev da\u011f\u0131l\u0131m\u0131 yap\u0131ld\u0131&#8230;\",\"datePublished\":\"2022-04-05T11:02:33+00:00\",\"mainEntityOfPage\":{\"@id\":\"https:\\\/\\\/batitrakya.net\\\/index.php\\\/bttdd-genel-merkezde-gorev-dagilimi-yapildi\\\/\"},\"wordCount\":214,\"commentCount\":0,\"image\":{\"@id\":\"https:\\\/\\\/batitrakya.net\\\/index.php\\\/bttdd-genel-merkezde-gorev-dagilimi-yapildi\\\/#primaryimage\"},\"thumbnailUrl\":\"https:\\\/\\\/batitrakya.net\\\/wp-content\\\/uploads\\\/2022\\\/04\\\/bttdd_gorevdagilimi.jpg\",\"keywords\":[\"BTTDD\"],\"articleSection\":[\"Bat\u0131 Trakyam Haber\"],\"inLanguage\":\"tr\",\"potentialAction\":[{\"@type\":\"CommentAction\",\"name\":\"Comment\",\"target\":[\"https:\\\/\\\/batitrakya.net\\\/index.php\\\/bttdd-genel-merkezde-gorev-dagilimi-yapildi\\\/#respond\"]}],\"copyrightYear\":\"2022\",\"copyrightHolder\":{\"@id\":\"https:\\\/\\\/batitrakya.net\\\/#organization\"}},{\"@type\":\"WebPage\",\"@id\":\"https:\\\/\\\/batitrakya.net\\\/index.php\\\/bttdd-genel-merkezde-gorev-dagilimi-yapildi\\\/\",\"url\":\"https:\\\/\\\/batitrakya.net\\\/index.php\\\/bttdd-genel-merkezde-gorev-dagilimi-yapildi\\\/\",\"name\":\"BTTDD Genel Merkez\u2019de g\u00f6rev da\u011f\u0131l\u0131m\u0131 yap\u0131ld\u0131... - Bat\u0131 Trakya Haber\",\"isPartOf\":{\"@id\":\"https:\\\/\\\/batitrakya.net\\\/#website\"},\"primaryImageOfPage\":{\"@id\":\"https:\\\/\\\/batitrakya.net\\\/index.php\\\/bttdd-genel-merkezde-gorev-dagilimi-yapildi\\\/#primaryimage\"},\"image\":{\"@id\":\"https:\\\/\\\/batitrakya.net\\\/index.php\\\/bttdd-genel-merkezde-gorev-dagilimi-yapildi\\\/#primaryimage\"},\"thumbnailUrl\":\"https:\\\/\\\/batitrakya.net\\\/wp-content\\\/uploads\\\/2022\\\/04\\\/bttdd_gorevdagilimi.jpg\",\"datePublished\":\"2022-04-05T11:02:33+00:00\",\"author\":{\"@id\":\"https:\\\/\\\/batitrakya.net\\\/#\\\/schema\\\/person\\\/61b86abbc19e5fa0bbc3059670546fe5\"},\"breadcrumb\":{\"@id\":\"https:\\\/\\\/batitrakya.net\\\/index.php\\\/bttdd-genel-merkezde-gorev-dagilimi-yapildi\\\/#breadcrumb\"},\"inLanguage\":\"tr\",\"potentialAction\":[{\"@type\":\"ReadAction\",\"target\":[\"https:\\\/\\\/batitrakya.net\\\/index.php\\\/bttdd-genel-merkezde-gorev-dagilimi-yapildi\\\/\"]}]},{\"@type\":\"ImageObject\",\"inLanguage\":\"tr\",\"@id\":\"https:\\\/\\\/batitrakya.net\\\/index.php\\\/bttdd-genel-merkezde-gorev-dagilimi-yapildi\\\/#primaryimage\",\"url\":\"https:\\\/\\\/batitrakya.net\\\/wp-content\\\/uploads\\\/2022\\\/04\\\/bttdd_gorevdagilimi.jpg\",\"contentUrl\":\"https:\\\/\\\/batitrakya.net\\\/wp-content\\\/uploads\\\/2022\\\/04\\\/bttdd_gorevdagilimi.jpg\",\"width\":720,\"height\":348},{\"@type\":\"BreadcrumbList\",\"@id\":\"https:\\\/\\\/batitrakya.net\\\/index.php\\\/bttdd-genel-merkezde-gorev-dagilimi-yapildi\\\/#breadcrumb\",\"itemListElement\":[{\"@type\":\"ListItem\",\"position\":1,\"name\":\"Anasayfa\",\"item\":\"https:\\\/\\\/batitrakya.net\\\/\"},{\"@type\":\"ListItem\",\"position\":2,\"name\":\"BTTDD Genel Merkez\u2019de g\u00f6rev da\u011f\u0131l\u0131m\u0131 yap\u0131ld\u0131&#8230;\"}]},{\"@type\":\"WebSite\",\"@id\":\"https:\\\/\\\/batitrakya.net\\\/#website\",\"url\":\"https:\\\/\\\/batitrakya.net\\\/\",\"name\":\"Bat\u0131 Trakya Haber\",\"description\":\"Bat\u0131 Trakyan\u0131n internetteki sesi..\",\"potentialAction\":[{\"@type\":\"SearchAction\",\"target\":{\"@type\":\"EntryPoint\",\"urlTemplate\":\"https:\\\/\\\/batitrakya.net\\\/?s={search_term_string}\"},\"query-input\":{\"@type\":\"PropertyValueSpecification\",\"valueRequired\":true,\"valueName\":\"search_term_string\"}}],\"inLanguage\":\"tr\"},{\"@type\":\"Person\",\"@id\":\"https:\\\/\\\/batitrakya.net\\\/#\\\/schema\\\/person\\\/61b86abbc19e5fa0bbc3059670546fe5\",\"name\":\"tamer\",\"image\":{\"@type\":\"ImageObject\",\"inLanguage\":\"tr\",\"@id\":\"https:\\\/\\\/secure.gravatar.com\\\/avatar\\\/60b0ff14c4376999cea9565d28b91fc61ff0f727c28cd083506a6d83ad6df9c9?s=96&d=mm&r=g\",\"url\":\"https:\\\/\\\/secure.gravatar.com\\\/avatar\\\/60b0ff14c4376999cea9565d28b91fc61ff0f727c28cd083506a6d83ad6df9c9?s=96&d=mm&r=g\",\"contentUrl\":\"https:\\\/\\\/secure.gravatar.com\\\/avatar\\\/60b0ff14c4376999cea9565d28b91fc61ff0f727c28cd083506a6d83ad6df9c9?s=96&d=mm&r=g\",\"caption\":\"tamer\"},\"sameAs\":[\"https:\\\/\\\/batitrakya.net\"],\"url\":\"https:\\\/\\\/batitrakya.net\\\/index.php\\\/author\\\/tamer\\\/\"}]}<\/script>\n<!-- \/ Yoast SEO Premium plugin. -->","yoast_head_json":{"title":"BTTDD Genel Merkez\u2019de g\u00f6rev da\u011f\u0131l\u0131m\u0131 yap\u0131ld\u0131... - Bat\u0131 Trakya Haber","robots":{"index":"index","follow":"follow","max-snippet":"max-snippet:-1","max-image-preview":"max-image-preview:large","max-video-preview":"max-video-preview:-1"},"canonical":"https:\/\/batitrakya.net\/index.php\/bttdd-genel-merkezde-gorev-dagilimi-yapildi\/","og_locale":"tr_TR","og_type":"article","og_title":"BTTDD Genel Merkez\u2019de g\u00f6rev da\u011f\u0131l\u0131m\u0131 yap\u0131ld\u0131...","og_description":"\u0130stanbul Bak\u0131rk\u00f6y\u2019de 27 Mart Pazar g\u00fcn\u00fc ger\u00e7ekle\u015fen 56. Ola\u011fan Genel Kurul&#8217;da, Bat\u0131 Trakya T\u00fcrkleri Dayan\u0131\u015fma Derne\u011fi Genel Ba\u015fkan\u0131 se\u00e7ilen Hasan K\u00fc\u00e7\u00fck ve ekibi, 31 Mart\u2019ta d\u00fczenlenen t\u00f6renle g\u00f6revi Necmettin H\u00fcseyin Adaleto\u011flu\u2019ndan devrald\u0131. Devir teslim t\u00f6reni Bat\u0131 Trakya T\u00fcrkleri Dayan\u0131\u015fma Derne\u011fi Ara\u015ft\u0131rma Merkezinde ger\u00e7ekle\u015fti. T\u00f6ren \u00f6ncesi eski ba\u015fkan Necmettin H\u00fcseyin Adaleto\u011flu, programa kat\u0131lan eski \u015fube ba\u015fkan\u0131, &hellip;","og_url":"https:\/\/batitrakya.net\/index.php\/bttdd-genel-merkezde-gorev-dagilimi-yapildi\/","og_site_name":"Bat\u0131 Trakya Haber","article_published_time":"2022-04-05T11:02:33+00:00","og_image":[{"width":720,"height":348,"url":"https:\/\/batitrakya.net\/wp-content\/uploads\/2022\/04\/bttdd_gorevdagilimi.jpg","type":"image\/jpeg"}],"author":"tamer","twitter_card":"summary_large_image","twitter_misc":{"Yazan:":"tamer","Tahmini okuma s\u00fcresi":"1 dakika"},"schema":{"@context":"https:\/\/schema.org","@graph":[{"@type":"Article","@id":"https:\/\/batitrakya.net\/index.php\/bttdd-genel-merkezde-gorev-dagilimi-yapildi\/#article","isPartOf":{"@id":"https:\/\/batitrakya.net\/index.php\/bttdd-genel-merkezde-gorev-dagilimi-yapildi\/"},"author":{"name":"tamer","@id":"https:\/\/batitrakya.net\/#\/schema\/person\/61b86abbc19e5fa0bbc3059670546fe5"},"headline":"BTTDD Genel Merkez\u2019de g\u00f6rev da\u011f\u0131l\u0131m\u0131 yap\u0131ld\u0131&#8230;","datePublished":"2022-04-05T11:02:33+00:00","mainEntityOfPage":{"@id":"https:\/\/batitrakya.net\/index.php\/bttdd-genel-merkezde-gorev-dagilimi-yapildi\/"},"wordCount":214,"commentCount":0,"image":{"@id":"https:\/\/batitrakya.net\/index.php\/bttdd-genel-merkezde-gorev-dagilimi-yapildi\/#primaryimage"},"thumbnailUrl":"https:\/\/batitrakya.net\/wp-content\/uploads\/2022\/04\/bttdd_gorevdagilimi.jpg","keywords":["BTTDD"],"articleSection":["Bat\u0131 Trakyam Haber"],"inLanguage":"tr","potentialAction":[{"@type":"CommentAction","name":"Comment","target":["https:\/\/batitrakya.net\/index.php\/bttdd-genel-merkezde-gorev-dagilimi-yapildi\/#respond"]}],"copyrightYear":"2022","copyrightHolder":{"@id":"https:\/\/batitrakya.net\/#organization"}},{"@type":"WebPage","@id":"https:\/\/batitrakya.net\/index.php\/bttdd-genel-merkezde-gorev-dagilimi-yapildi\/","url":"https:\/\/batitrakya.net\/index.php\/bttdd-genel-merkezde-gorev-dagilimi-yapildi\/","name":"BTTDD Genel Merkez\u2019de g\u00f6rev da\u011f\u0131l\u0131m\u0131 yap\u0131ld\u0131... - Bat\u0131 Trakya Haber","isPartOf":{"@id":"https:\/\/batitrakya.net\/#website"},"primaryImageOfPage":{"@id":"https:\/\/batitrakya.net\/index.php\/bttdd-genel-merkezde-gorev-dagilimi-yapildi\/#primaryimage"},"image":{"@id":"https:\/\/batitrakya.net\/index.php\/bttdd-genel-merkezde-gorev-dagilimi-yapildi\/#primaryimage"},"thumbnailUrl":"https:\/\/batitrakya.net\/wp-content\/uploads\/2022\/04\/bttdd_gorevdagilimi.jpg","datePublished":"2022-04-05T11:02:33+00:00","author":{"@id":"https:\/\/batitrakya.net\/#\/schema\/person\/61b86abbc19e5fa0bbc3059670546fe5"},"breadcrumb":{"@id":"https:\/\/batitrakya.net\/index.php\/bttdd-genel-merkezde-gorev-dagilimi-yapildi\/#breadcrumb"},"inLanguage":"tr","potentialAction":[{"@type":"ReadAction","target":["https:\/\/batitrakya.net\/index.php\/bttdd-genel-merkezde-gorev-dagilimi-yapildi\/"]}]},{"@type":"ImageObject","inLanguage":"tr","@id":"https:\/\/batitrakya.net\/index.php\/bttdd-genel-merkezde-gorev-dagilimi-yapildi\/#primaryimage","url":"https:\/\/batitrakya.net\/wp-content\/uploads\/2022\/04\/bttdd_gorevdagilimi.jpg","contentUrl":"https:\/\/batitrakya.net\/wp-content\/uploads\/2022\/04\/bttdd_gorevdagilimi.jpg","width":720,"height":348},{"@type":"BreadcrumbList","@id":"https:\/\/batitrakya.net\/index.php\/bttdd-genel-merkezde-gorev-dagilimi-yapildi\/#breadcrumb","itemListElement":[{"@type":"ListItem","position":1,"name":"Anasayfa","item":"https:\/\/batitrakya.net\/"},{"@type":"ListItem","position":2,"name":"BTTDD Genel Merkez\u2019de g\u00f6rev da\u011f\u0131l\u0131m\u0131 yap\u0131ld\u0131&#8230;"}]},{"@type":"WebSite","@id":"https:\/\/batitrakya.net\/#website","url":"https:\/\/batitrakya.net\/","name":"Bat\u0131 Trakya Haber","description":"Bat\u0131 Trakyan\u0131n internetteki sesi..","potentialAction":[{"@type":"SearchAction","target":{"@type":"EntryPoint","urlTemplate":"https:\/\/batitrakya.net\/?s={search_term_string}"},"query-input":{"@type":"PropertyValueSpecification","valueRequired":true,"valueName":"search_term_string"}}],"inLanguage":"tr"},{"@type":"Person","@id":"https:\/\/batitrakya.net\/#\/schema\/person\/61b86abbc19e5fa0bbc3059670546fe5","name":"tamer","image":{"@type":"ImageObject","inLanguage":"tr","@id":"https:\/\/secure.gravatar.com\/avatar\/60b0ff14c4376999cea9565d28b91fc61ff0f727c28cd083506a6d83ad6df9c9?s=96&d=mm&r=g","url":"https:\/\/secure.gravatar.com\/avatar\/60b0ff14c4376999cea9565d28b91fc61ff0f727c28cd083506a6d83ad6df9c9?s=96&d=mm&r=g","contentUrl":"https:\/\/secure.gravatar.com\/avatar\/60b0ff14c4376999cea9565d28b91fc61ff0f727c28cd083506a6d83ad6df9c9?s=96&d=mm&r=g","caption":"tamer"},"sameAs":["https:\/\/batitrakya.net"],"url":"https:\/\/batitrakya.net\/index.php\/author\/tamer\/"}]}},"_links":{"self":[{"href":"https:\/\/batitrakya.net\/index.php\/wp-json\/wp\/v2\/posts\/40275","targetHints":{"allow":["GET"]}}],"collection":[{"href":"https:\/\/batitrakya.net\/index.php\/wp-json\/wp\/v2\/posts"}],"about":[{"href":"https:\/\/batitrakya.net\/index.php\/wp-json\/wp\/v2\/types\/post"}],"author":[{"embeddable":true,"href":"https:\/\/batitrakya.net\/index.php\/wp-json\/wp\/v2\/users\/1"}],"replies":[{"embeddable":true,"href":"https:\/\/batitrakya.net\/index.php\/wp-json\/wp\/v2\/comments?post=40275"}],"version-history":[{"count":0,"href":"https:\/\/batitrakya.net\/index.php\/wp-json\/wp\/v2\/posts\/40275\/revisions"}],"wp:featuredmedia":[{"embeddable":true,"href":"https:\/\/batitrakya.net\/index.php\/wp-json\/wp\/v2\/media\/40277"}],"wp:attachment":[{"href":"https:\/\/batitrakya.net\/index.php\/wp-json\/wp\/v2\/media?parent=40275"}],"wp:term":[{"taxonomy":"category","embeddable":true,"href":"https:\/\/batitrakya.net\/index.php\/wp-json\/wp\/v2\/categories?post=40275"},{"taxonomy":"post_tag","embeddable":true,"href":"https:\/\/batitrakya.net\/index.php\/wp-json\/wp\/v2\/tags?post=40275"}],"curies":[{"name":"wp","href":"https:\/\/api.w.org\/{rel}","templated":true}]}}