{"id":41419,"date":"2023-01-12T19:22:04","date_gmt":"2023-01-12T16:22:04","guid":{"rendered":"https:\/\/batitrakya.net\/?p=41419"},"modified":"2023-01-12T19:22:04","modified_gmt":"2023-01-12T16:22:04","slug":"gencler-icin-ev-kredisi-programi-mart-ayinda-basliyor","status":"publish","type":"post","link":"https:\/\/batitrakya.net\/index.php\/gencler-icin-ev-kredisi-programi-mart-ayinda-basliyor\/","title":{"rendered":"Gen\u00e7ler i\u00e7in ev kredisi program\u0131 mart ay\u0131nda ba\u015fl\u0131yor&#8230;"},"content":{"rendered":"<p>H\u00fck\u00fcmetin 39 ya\u015f\u0131n\u0131 ge\u00e7memi\u015f gen\u00e7ler i\u00e7in uygulamay\u0131 d\u00fc\u015f\u00fcnd\u00fc\u011f\u00fc d\u00fc\u015f\u00fck faizli emlak kredisi uygulamas\u0131n\u0131n mart ay\u0131 i\u00e7inde hayata ge\u00e7mesi planlan\u0131yor. Program kapsam\u0131nda gen\u00e7 \u00e7iftlere ve ihtiya\u00e7 sahiplerine yakla\u015f\u0131k 1,75 milyar euroluk destek sa\u011flacak. S\u00f6z konusu programdan 137 bin ki\u015finin yararlanmas\u0131 bekleniyor.<\/p>\n<p>Y\u0131ll\u0131k geliri 10 bin euro ve \u00fczeri olan 25 ila 39 ya\u015f aras\u0131ndaki gen\u00e7lerin ba\u015fvurabilece\u011fi program\u0131n amac\u0131 gen\u00e7lerin ilk evlerine sahip olmas\u0131n\u0131 sa\u011flamak.<\/p>\n<p>Program kapsam\u0131nda en fazla 200 bin euro de\u011ferinde ve en fazla 150 metrekarelik gayri menkuller i\u00e7in d\u00fc\u015f\u00fck faizli kredi imkan\u0131 sa\u011flanacak.<\/p>\n","protected":false},"excerpt":{"rendered":"<p>H\u00fck\u00fcmetin 39 ya\u015f\u0131n\u0131 ge\u00e7memi\u015f gen\u00e7ler i\u00e7in uygulamay\u0131 d\u00fc\u015f\u00fcnd\u00fc\u011f\u00fc d\u00fc\u015f\u00fck faizli emlak kredisi uygulamas\u0131n\u0131n mart ay\u0131 i\u00e7inde hayata ge\u00e7mesi planlan\u0131yor. Program kapsam\u0131nda gen\u00e7 \u00e7iftlere ve ihtiya\u00e7 sahiplerine yakla\u015f\u0131k 1,75 milyar euroluk destek sa\u011flacak. S\u00f6z konusu programdan 137 bin ki\u015finin yararlanmas\u0131 bekleniyor. Y\u0131ll\u0131k geliri 10 bin euro ve \u00fczeri olan 25 ila 39 ya\u015f aras\u0131ndaki gen\u00e7lerin ba\u015fvurabilece\u011fi &hellip;<\/p>\n","protected":false},"author":1,"featured_media":41420,"comment_status":"open","ping_status":"open","sticky":false,"template":"","format":"standard","meta":{"footnotes":""},"categories":[57],"tags":[199,119],"class_list":["post-41419","post","type-post","status-publish","format-standard","has-post-thumbnail","hentry","category-yunanistan","tag-program","tag-yardim"],"yoast_head":"<!-- This site is optimized with the Yoast SEO Premium plugin v26.3 (Yoast SEO v28.2) - https:\/\/yoast.com\/product\/yoast-seo-premium-wordpress\/ -->\n<title>Gen\u00e7ler i\u00e7in ev kredisi program\u0131 mart ay\u0131nda ba\u015fl\u0131yor... - Bat\u0131 Trakya Haber<\/title>\n<meta name=\"robots\" content=\"index, follow, max-snippet:-1, max-image-preview:large, max-video-preview:-1\" \/>\n<link rel=\"canonical\" href=\"https:\/\/batitrakya.net\/index.php\/gencler-icin-ev-kredisi-programi-mart-ayinda-basliyor\/\" \/>\n<meta property=\"og:locale\" content=\"tr_TR\" \/>\n<meta property=\"og:type\" content=\"article\" \/>\n<meta property=\"og:title\" content=\"Gen\u00e7ler i\u00e7in ev kredisi program\u0131 mart ay\u0131nda ba\u015fl\u0131yor...\" \/>\n<meta property=\"og:description\" content=\"H\u00fck\u00fcmetin 39 ya\u015f\u0131n\u0131 ge\u00e7memi\u015f gen\u00e7ler i\u00e7in uygulamay\u0131 d\u00fc\u015f\u00fcnd\u00fc\u011f\u00fc d\u00fc\u015f\u00fck faizli emlak kredisi uygulamas\u0131n\u0131n mart ay\u0131 i\u00e7inde hayata ge\u00e7mesi planlan\u0131yor. Program kapsam\u0131nda gen\u00e7 \u00e7iftlere ve ihtiya\u00e7 sahiplerine yakla\u015f\u0131k 1,75 milyar euroluk destek sa\u011flacak. S\u00f6z konusu programdan 137 bin ki\u015finin yararlanmas\u0131 bekleniyor. Y\u0131ll\u0131k geliri 10 bin euro ve \u00fczeri olan 25 ila 39 ya\u015f aras\u0131ndaki gen\u00e7lerin ba\u015fvurabilece\u011fi &hellip;\" \/>\n<meta property=\"og:url\" content=\"https:\/\/batitrakya.net\/index.php\/gencler-icin-ev-kredisi-programi-mart-ayinda-basliyor\/\" \/>\n<meta property=\"og:site_name\" content=\"Bat\u0131 Trakya Haber\" \/>\n<meta property=\"article:published_time\" content=\"2023-01-12T16:22:04+00:00\" \/>\n<meta property=\"og:image\" content=\"https:\/\/batitrakya.net\/wp-content\/uploads\/2023\/01\/ev_prefabrik.jpg\" \/>\n\t<meta property=\"og:image:width\" content=\"720\" \/>\n\t<meta property=\"og:image:height\" content=\"348\" \/>\n\t<meta property=\"og:image:type\" content=\"image\/jpeg\" \/>\n<meta name=\"author\" content=\"tamer\" \/>\n<meta name=\"twitter:card\" content=\"summary_large_image\" \/>\n<meta name=\"twitter:label1\" content=\"Yazan:\" \/>\n\t<meta name=\"twitter:data1\" content=\"tamer\" \/>\n\t<meta name=\"twitter:label2\" content=\"Tahmini okuma s\u00fcresi\" \/>\n\t<meta name=\"twitter:data2\" content=\"1 dakika\" \/>\n<script type=\"application\/ld+json\" class=\"yoast-schema-graph\">{\"@context\":\"https:\\\/\\\/schema.org\",\"@graph\":[{\"@type\":\"Article\",\"@id\":\"https:\\\/\\\/batitrakya.net\\\/index.php\\\/gencler-icin-ev-kredisi-programi-mart-ayinda-basliyor\\\/#article\",\"isPartOf\":{\"@id\":\"https:\\\/\\\/batitrakya.net\\\/index.php\\\/gencler-icin-ev-kredisi-programi-mart-ayinda-basliyor\\\/\"},\"author\":{\"name\":\"tamer\",\"@id\":\"https:\\\/\\\/batitrakya.net\\\/#\\\/schema\\\/person\\\/61b86abbc19e5fa0bbc3059670546fe5\"},\"headline\":\"Gen\u00e7ler i\u00e7in ev kredisi program\u0131 mart ay\u0131nda ba\u015fl\u0131yor&#8230;\",\"datePublished\":\"2023-01-12T16:22:04+00:00\",\"mainEntityOfPage\":{\"@id\":\"https:\\\/\\\/batitrakya.net\\\/index.php\\\/gencler-icin-ev-kredisi-programi-mart-ayinda-basliyor\\\/\"},\"wordCount\":122,\"commentCount\":0,\"image\":{\"@id\":\"https:\\\/\\\/batitrakya.net\\\/index.php\\\/gencler-icin-ev-kredisi-programi-mart-ayinda-basliyor\\\/#primaryimage\"},\"thumbnailUrl\":\"https:\\\/\\\/batitrakya.net\\\/wp-content\\\/uploads\\\/2023\\\/01\\\/ev_prefabrik.jpg\",\"keywords\":[\"Program\",\"Yard\u0131m\"],\"articleSection\":[\"Yunanistan Haber\"],\"inLanguage\":\"tr\",\"potentialAction\":[{\"@type\":\"CommentAction\",\"name\":\"Comment\",\"target\":[\"https:\\\/\\\/batitrakya.net\\\/index.php\\\/gencler-icin-ev-kredisi-programi-mart-ayinda-basliyor\\\/#respond\"]}],\"copyrightYear\":\"2023\",\"copyrightHolder\":{\"@id\":\"https:\\\/\\\/batitrakya.net\\\/#organization\"}},{\"@type\":\"WebPage\",\"@id\":\"https:\\\/\\\/batitrakya.net\\\/index.php\\\/gencler-icin-ev-kredisi-programi-mart-ayinda-basliyor\\\/\",\"url\":\"https:\\\/\\\/batitrakya.net\\\/index.php\\\/gencler-icin-ev-kredisi-programi-mart-ayinda-basliyor\\\/\",\"name\":\"Gen\u00e7ler i\u00e7in ev kredisi program\u0131 mart ay\u0131nda ba\u015fl\u0131yor... - Bat\u0131 Trakya Haber\",\"isPartOf\":{\"@id\":\"https:\\\/\\\/batitrakya.net\\\/#website\"},\"primaryImageOfPage\":{\"@id\":\"https:\\\/\\\/batitrakya.net\\\/index.php\\\/gencler-icin-ev-kredisi-programi-mart-ayinda-basliyor\\\/#primaryimage\"},\"image\":{\"@id\":\"https:\\\/\\\/batitrakya.net\\\/index.php\\\/gencler-icin-ev-kredisi-programi-mart-ayinda-basliyor\\\/#primaryimage\"},\"thumbnailUrl\":\"https:\\\/\\\/batitrakya.net\\\/wp-content\\\/uploads\\\/2023\\\/01\\\/ev_prefabrik.jpg\",\"datePublished\":\"2023-01-12T16:22:04+00:00\",\"author\":{\"@id\":\"https:\\\/\\\/batitrakya.net\\\/#\\\/schema\\\/person\\\/61b86abbc19e5fa0bbc3059670546fe5\"},\"breadcrumb\":{\"@id\":\"https:\\\/\\\/batitrakya.net\\\/index.php\\\/gencler-icin-ev-kredisi-programi-mart-ayinda-basliyor\\\/#breadcrumb\"},\"inLanguage\":\"tr\",\"potentialAction\":[{\"@type\":\"ReadAction\",\"target\":[\"https:\\\/\\\/batitrakya.net\\\/index.php\\\/gencler-icin-ev-kredisi-programi-mart-ayinda-basliyor\\\/\"]}]},{\"@type\":\"ImageObject\",\"inLanguage\":\"tr\",\"@id\":\"https:\\\/\\\/batitrakya.net\\\/index.php\\\/gencler-icin-ev-kredisi-programi-mart-ayinda-basliyor\\\/#primaryimage\",\"url\":\"https:\\\/\\\/batitrakya.net\\\/wp-content\\\/uploads\\\/2023\\\/01\\\/ev_prefabrik.jpg\",\"contentUrl\":\"https:\\\/\\\/batitrakya.net\\\/wp-content\\\/uploads\\\/2023\\\/01\\\/ev_prefabrik.jpg\",\"width\":720,\"height\":348},{\"@type\":\"BreadcrumbList\",\"@id\":\"https:\\\/\\\/batitrakya.net\\\/index.php\\\/gencler-icin-ev-kredisi-programi-mart-ayinda-basliyor\\\/#breadcrumb\",\"itemListElement\":[{\"@type\":\"ListItem\",\"position\":1,\"name\":\"Anasayfa\",\"item\":\"https:\\\/\\\/batitrakya.net\\\/\"},{\"@type\":\"ListItem\",\"position\":2,\"name\":\"Gen\u00e7ler i\u00e7in ev kredisi program\u0131 mart ay\u0131nda ba\u015fl\u0131yor&#8230;\"}]},{\"@type\":\"WebSite\",\"@id\":\"https:\\\/\\\/batitrakya.net\\\/#website\",\"url\":\"https:\\\/\\\/batitrakya.net\\\/\",\"name\":\"Bat\u0131 Trakya Haber\",\"description\":\"Bat\u0131 Trakyan\u0131n internetteki sesi..\",\"potentialAction\":[{\"@type\":\"SearchAction\",\"target\":{\"@type\":\"EntryPoint\",\"urlTemplate\":\"https:\\\/\\\/batitrakya.net\\\/?s={search_term_string}\"},\"query-input\":{\"@type\":\"PropertyValueSpecification\",\"valueRequired\":true,\"valueName\":\"search_term_string\"}}],\"inLanguage\":\"tr\"},{\"@type\":\"Person\",\"@id\":\"https:\\\/\\\/batitrakya.net\\\/#\\\/schema\\\/person\\\/61b86abbc19e5fa0bbc3059670546fe5\",\"name\":\"tamer\",\"image\":{\"@type\":\"ImageObject\",\"inLanguage\":\"tr\",\"@id\":\"https:\\\/\\\/secure.gravatar.com\\\/avatar\\\/60b0ff14c4376999cea9565d28b91fc61ff0f727c28cd083506a6d83ad6df9c9?s=96&d=mm&r=g\",\"url\":\"https:\\\/\\\/secure.gravatar.com\\\/avatar\\\/60b0ff14c4376999cea9565d28b91fc61ff0f727c28cd083506a6d83ad6df9c9?s=96&d=mm&r=g\",\"contentUrl\":\"https:\\\/\\\/secure.gravatar.com\\\/avatar\\\/60b0ff14c4376999cea9565d28b91fc61ff0f727c28cd083506a6d83ad6df9c9?s=96&d=mm&r=g\",\"caption\":\"tamer\"},\"sameAs\":[\"https:\\\/\\\/batitrakya.net\"],\"url\":\"https:\\\/\\\/batitrakya.net\\\/index.php\\\/author\\\/tamer\\\/\"}]}<\/script>\n<!-- \/ Yoast SEO Premium plugin. -->","yoast_head_json":{"title":"Gen\u00e7ler i\u00e7in ev kredisi program\u0131 mart ay\u0131nda ba\u015fl\u0131yor... - Bat\u0131 Trakya Haber","robots":{"index":"index","follow":"follow","max-snippet":"max-snippet:-1","max-image-preview":"max-image-preview:large","max-video-preview":"max-video-preview:-1"},"canonical":"https:\/\/batitrakya.net\/index.php\/gencler-icin-ev-kredisi-programi-mart-ayinda-basliyor\/","og_locale":"tr_TR","og_type":"article","og_title":"Gen\u00e7ler i\u00e7in ev kredisi program\u0131 mart ay\u0131nda ba\u015fl\u0131yor...","og_description":"H\u00fck\u00fcmetin 39 ya\u015f\u0131n\u0131 ge\u00e7memi\u015f gen\u00e7ler i\u00e7in uygulamay\u0131 d\u00fc\u015f\u00fcnd\u00fc\u011f\u00fc d\u00fc\u015f\u00fck faizli emlak kredisi uygulamas\u0131n\u0131n mart ay\u0131 i\u00e7inde hayata ge\u00e7mesi planlan\u0131yor. Program kapsam\u0131nda gen\u00e7 \u00e7iftlere ve ihtiya\u00e7 sahiplerine yakla\u015f\u0131k 1,75 milyar euroluk destek sa\u011flacak. S\u00f6z konusu programdan 137 bin ki\u015finin yararlanmas\u0131 bekleniyor. Y\u0131ll\u0131k geliri 10 bin euro ve \u00fczeri olan 25 ila 39 ya\u015f aras\u0131ndaki gen\u00e7lerin ba\u015fvurabilece\u011fi &hellip;","og_url":"https:\/\/batitrakya.net\/index.php\/gencler-icin-ev-kredisi-programi-mart-ayinda-basliyor\/","og_site_name":"Bat\u0131 Trakya Haber","article_published_time":"2023-01-12T16:22:04+00:00","og_image":[{"width":720,"height":348,"url":"https:\/\/batitrakya.net\/wp-content\/uploads\/2023\/01\/ev_prefabrik.jpg","type":"image\/jpeg"}],"author":"tamer","twitter_card":"summary_large_image","twitter_misc":{"Yazan:":"tamer","Tahmini okuma s\u00fcresi":"1 dakika"},"schema":{"@context":"https:\/\/schema.org","@graph":[{"@type":"Article","@id":"https:\/\/batitrakya.net\/index.php\/gencler-icin-ev-kredisi-programi-mart-ayinda-basliyor\/#article","isPartOf":{"@id":"https:\/\/batitrakya.net\/index.php\/gencler-icin-ev-kredisi-programi-mart-ayinda-basliyor\/"},"author":{"name":"tamer","@id":"https:\/\/batitrakya.net\/#\/schema\/person\/61b86abbc19e5fa0bbc3059670546fe5"},"headline":"Gen\u00e7ler i\u00e7in ev kredisi program\u0131 mart ay\u0131nda ba\u015fl\u0131yor&#8230;","datePublished":"2023-01-12T16:22:04+00:00","mainEntityOfPage":{"@id":"https:\/\/batitrakya.net\/index.php\/gencler-icin-ev-kredisi-programi-mart-ayinda-basliyor\/"},"wordCount":122,"commentCount":0,"image":{"@id":"https:\/\/batitrakya.net\/index.php\/gencler-icin-ev-kredisi-programi-mart-ayinda-basliyor\/#primaryimage"},"thumbnailUrl":"https:\/\/batitrakya.net\/wp-content\/uploads\/2023\/01\/ev_prefabrik.jpg","keywords":["Program","Yard\u0131m"],"articleSection":["Yunanistan Haber"],"inLanguage":"tr","potentialAction":[{"@type":"CommentAction","name":"Comment","target":["https:\/\/batitrakya.net\/index.php\/gencler-icin-ev-kredisi-programi-mart-ayinda-basliyor\/#respond"]}],"copyrightYear":"2023","copyrightHolder":{"@id":"https:\/\/batitrakya.net\/#organization"}},{"@type":"WebPage","@id":"https:\/\/batitrakya.net\/index.php\/gencler-icin-ev-kredisi-programi-mart-ayinda-basliyor\/","url":"https:\/\/batitrakya.net\/index.php\/gencler-icin-ev-kredisi-programi-mart-ayinda-basliyor\/","name":"Gen\u00e7ler i\u00e7in ev kredisi program\u0131 mart ay\u0131nda ba\u015fl\u0131yor... - Bat\u0131 Trakya Haber","isPartOf":{"@id":"https:\/\/batitrakya.net\/#website"},"primaryImageOfPage":{"@id":"https:\/\/batitrakya.net\/index.php\/gencler-icin-ev-kredisi-programi-mart-ayinda-basliyor\/#primaryimage"},"image":{"@id":"https:\/\/batitrakya.net\/index.php\/gencler-icin-ev-kredisi-programi-mart-ayinda-basliyor\/#primaryimage"},"thumbnailUrl":"https:\/\/batitrakya.net\/wp-content\/uploads\/2023\/01\/ev_prefabrik.jpg","datePublished":"2023-01-12T16:22:04+00:00","author":{"@id":"https:\/\/batitrakya.net\/#\/schema\/person\/61b86abbc19e5fa0bbc3059670546fe5"},"breadcrumb":{"@id":"https:\/\/batitrakya.net\/index.php\/gencler-icin-ev-kredisi-programi-mart-ayinda-basliyor\/#breadcrumb"},"inLanguage":"tr","potentialAction":[{"@type":"ReadAction","target":["https:\/\/batitrakya.net\/index.php\/gencler-icin-ev-kredisi-programi-mart-ayinda-basliyor\/"]}]},{"@type":"ImageObject","inLanguage":"tr","@id":"https:\/\/batitrakya.net\/index.php\/gencler-icin-ev-kredisi-programi-mart-ayinda-basliyor\/#primaryimage","url":"https:\/\/batitrakya.net\/wp-content\/uploads\/2023\/01\/ev_prefabrik.jpg","contentUrl":"https:\/\/batitrakya.net\/wp-content\/uploads\/2023\/01\/ev_prefabrik.jpg","width":720,"height":348},{"@type":"BreadcrumbList","@id":"https:\/\/batitrakya.net\/index.php\/gencler-icin-ev-kredisi-programi-mart-ayinda-basliyor\/#breadcrumb","itemListElement":[{"@type":"ListItem","position":1,"name":"Anasayfa","item":"https:\/\/batitrakya.net\/"},{"@type":"ListItem","position":2,"name":"Gen\u00e7ler i\u00e7in ev kredisi program\u0131 mart ay\u0131nda ba\u015fl\u0131yor&#8230;"}]},{"@type":"WebSite","@id":"https:\/\/batitrakya.net\/#website","url":"https:\/\/batitrakya.net\/","name":"Bat\u0131 Trakya Haber","description":"Bat\u0131 Trakyan\u0131n internetteki sesi..","potentialAction":[{"@type":"SearchAction","target":{"@type":"EntryPoint","urlTemplate":"https:\/\/batitrakya.net\/?s={search_term_string}"},"query-input":{"@type":"PropertyValueSpecification","valueRequired":true,"valueName":"search_term_string"}}],"inLanguage":"tr"},{"@type":"Person","@id":"https:\/\/batitrakya.net\/#\/schema\/person\/61b86abbc19e5fa0bbc3059670546fe5","name":"tamer","image":{"@type":"ImageObject","inLanguage":"tr","@id":"https:\/\/secure.gravatar.com\/avatar\/60b0ff14c4376999cea9565d28b91fc61ff0f727c28cd083506a6d83ad6df9c9?s=96&d=mm&r=g","url":"https:\/\/secure.gravatar.com\/avatar\/60b0ff14c4376999cea9565d28b91fc61ff0f727c28cd083506a6d83ad6df9c9?s=96&d=mm&r=g","contentUrl":"https:\/\/secure.gravatar.com\/avatar\/60b0ff14c4376999cea9565d28b91fc61ff0f727c28cd083506a6d83ad6df9c9?s=96&d=mm&r=g","caption":"tamer"},"sameAs":["https:\/\/batitrakya.net"],"url":"https:\/\/batitrakya.net\/index.php\/author\/tamer\/"}]}},"_links":{"self":[{"href":"https:\/\/batitrakya.net\/index.php\/wp-json\/wp\/v2\/posts\/41419","targetHints":{"allow":["GET"]}}],"collection":[{"href":"https:\/\/batitrakya.net\/index.php\/wp-json\/wp\/v2\/posts"}],"about":[{"href":"https:\/\/batitrakya.net\/index.php\/wp-json\/wp\/v2\/types\/post"}],"author":[{"embeddable":true,"href":"https:\/\/batitrakya.net\/index.php\/wp-json\/wp\/v2\/users\/1"}],"replies":[{"embeddable":true,"href":"https:\/\/batitrakya.net\/index.php\/wp-json\/wp\/v2\/comments?post=41419"}],"version-history":[{"count":0,"href":"https:\/\/batitrakya.net\/index.php\/wp-json\/wp\/v2\/posts\/41419\/revisions"}],"wp:featuredmedia":[{"embeddable":true,"href":"https:\/\/batitrakya.net\/index.php\/wp-json\/wp\/v2\/media\/41420"}],"wp:attachment":[{"href":"https:\/\/batitrakya.net\/index.php\/wp-json\/wp\/v2\/media?parent=41419"}],"wp:term":[{"taxonomy":"category","embeddable":true,"href":"https:\/\/batitrakya.net\/index.php\/wp-json\/wp\/v2\/categories?post=41419"},{"taxonomy":"post_tag","embeddable":true,"href":"https:\/\/batitrakya.net\/index.php\/wp-json\/wp\/v2\/tags?post=41419"}],"curies":[{"name":"wp","href":"https:\/\/api.w.org\/{rel}","templated":true}]}}