{"id":42091,"date":"2023-08-12T02:02:37","date_gmt":"2023-08-11T23:02:37","guid":{"rendered":"https:\/\/batitrakya.net\/?p=42091"},"modified":"2023-08-12T02:02:37","modified_gmt":"2023-08-11T23:02:37","slug":"portolagosta-kacak-gocmen-tasiyan-otomobil-denize-dustu","status":"publish","type":"post","link":"https:\/\/batitrakya.net\/index.php\/portolagosta-kacak-gocmen-tasiyan-otomobil-denize-dustu\/","title":{"rendered":"Portolagos\u2019ta ka\u00e7ak g\u00f6\u00e7men ta\u015f\u0131yan otomobil denize d\u00fc\u015ft\u00fc&#8230;"},"content":{"rendered":"<p>\u0130ske\u00e7e iline ba\u011fl\u0131 liman k\u00f6y\u00fc Porto Lagos&#8217;ta i\u00e7inde 2&#8217;si ka\u00e7ak g\u00f6\u00e7men 3 ki\u015finin bulundu\u011fu otomobil denize d\u00fc\u015ft\u00fc.<\/p>\n<p>Olay yerine yak\u0131n bir mesafede bal\u0131k avlanan Bat\u0131 Trakya T\u00fcrk Az\u0131nl\u0131k mensubu bal\u0131k\u00e7\u0131lar tan\u0131k olduklar\u0131 kaza an\u0131yla ilgili bilgileri Millet&#8217;e aktard\u0131lar.<\/p>\n<p>Edinilen bilgilere g\u00f6re, \u00c7ar\u015famba sabah saat 08.00 sular\u0131nda G\u00fcm\u00fclcine-\u0130ske\u00e7e istikametinde i\u00e7inde 2 ka\u00e7ak g\u00f6\u00e7men ta\u015f\u0131yan otomobil G\u00fcm\u00fclcine&#8217;den \u0130ske\u00e7e&#8217;ye Porto Lagos yolu \u00fczerinden seyrederken h\u0131zl\u0131 bir \u015fekilde girdi\u011fi Portolagos k\u00f6pr\u00fcs\u00fcnde viraj\u0131 alamadan bariyerlere \u00e7arpt\u0131 ve denize d\u00fc\u015ft\u00fc. Otomobilden bir ki\u015fi o esnada yak\u0131nlarda avlanan Bat\u0131 Trakyal\u0131 soyda\u015f bal\u0131k\u00e7\u0131lar\u0131n yard\u0131m\u0131yla denizden \u00e7\u0131kar\u0131larak kurtar\u0131ld\u0131.<\/p>\n<p>Bal\u0131k\u00e7\u0131lar\u0131n ifadelerine g\u00f6re otomobilde ka\u00e7ak g\u00f6\u00e7men oldu\u011fu belirtilen di\u011fer 2 ki\u015fi kurtar\u0131lamad\u0131.<\/p>\n<p>\u0130hbar \u00fczerine olay yerine intikal eden itfaiye arama kurtarma \u00e7al\u0131\u015fmalar\u0131 ba\u015flat\u0131rken, polis ve sa\u011fl\u0131k ekipleri de haz\u0131r bulundu.<\/p>\n<p>Olayla hakk\u0131nda yerel Yunan bas\u0131n\u0131nda yer verilmemesi ve yetkili mercilerden a\u00e7\u0131klama yap\u0131lmamas\u0131 dikkat \u00e7ekti.<\/p>\n","protected":false},"excerpt":{"rendered":"<p>\u0130ske\u00e7e iline ba\u011fl\u0131 liman k\u00f6y\u00fc Porto Lagos&#8217;ta i\u00e7inde 2&#8217;si ka\u00e7ak g\u00f6\u00e7men 3 ki\u015finin bulundu\u011fu otomobil denize d\u00fc\u015ft\u00fc. Olay yerine yak\u0131n bir mesafede bal\u0131k avlanan Bat\u0131 Trakya T\u00fcrk Az\u0131nl\u0131k mensubu bal\u0131k\u00e7\u0131lar tan\u0131k olduklar\u0131 kaza an\u0131yla ilgili bilgileri Millet&#8217;e aktard\u0131lar. Edinilen bilgilere g\u00f6re, \u00c7ar\u015famba sabah saat 08.00 sular\u0131nda G\u00fcm\u00fclcine-\u0130ske\u00e7e istikametinde i\u00e7inde 2 ka\u00e7ak g\u00f6\u00e7men ta\u015f\u0131yan otomobil G\u00fcm\u00fclcine&#8217;den &hellip;<\/p>\n","protected":false},"author":1,"featured_media":42094,"comment_status":"open","ping_status":"open","sticky":false,"template":"","format":"standard","meta":{"footnotes":""},"categories":[24],"tags":[114,95],"class_list":["post-42091","post","type-post","status-publish","format-standard","has-post-thumbnail","hentry","category-bati-trakyam-haber","tag-gocmen","tag-kaza"],"yoast_head":"<!-- This site is optimized with the Yoast SEO Premium plugin v26.3 (Yoast SEO v28.2) - https:\/\/yoast.com\/product\/yoast-seo-premium-wordpress\/ -->\n<title>Portolagos\u2019ta ka\u00e7ak g\u00f6\u00e7men ta\u015f\u0131yan otomobil denize d\u00fc\u015ft\u00fc... - Bat\u0131 Trakya Haber<\/title>\n<meta name=\"robots\" content=\"index, follow, max-snippet:-1, max-image-preview:large, max-video-preview:-1\" \/>\n<link rel=\"canonical\" href=\"https:\/\/batitrakya.net\/index.php\/portolagosta-kacak-gocmen-tasiyan-otomobil-denize-dustu\/\" \/>\n<meta property=\"og:locale\" content=\"tr_TR\" \/>\n<meta property=\"og:type\" content=\"article\" \/>\n<meta property=\"og:title\" content=\"Portolagos\u2019ta ka\u00e7ak g\u00f6\u00e7men ta\u015f\u0131yan otomobil denize d\u00fc\u015ft\u00fc...\" \/>\n<meta property=\"og:description\" content=\"\u0130ske\u00e7e iline ba\u011fl\u0131 liman k\u00f6y\u00fc Porto Lagos&#8217;ta i\u00e7inde 2&#8217;si ka\u00e7ak g\u00f6\u00e7men 3 ki\u015finin bulundu\u011fu otomobil denize d\u00fc\u015ft\u00fc. Olay yerine yak\u0131n bir mesafede bal\u0131k avlanan Bat\u0131 Trakya T\u00fcrk Az\u0131nl\u0131k mensubu bal\u0131k\u00e7\u0131lar tan\u0131k olduklar\u0131 kaza an\u0131yla ilgili bilgileri Millet&#8217;e aktard\u0131lar. Edinilen bilgilere g\u00f6re, \u00c7ar\u015famba sabah saat 08.00 sular\u0131nda G\u00fcm\u00fclcine-\u0130ske\u00e7e istikametinde i\u00e7inde 2 ka\u00e7ak g\u00f6\u00e7men ta\u015f\u0131yan otomobil G\u00fcm\u00fclcine&#8217;den &hellip;\" \/>\n<meta property=\"og:url\" content=\"https:\/\/batitrakya.net\/index.php\/portolagosta-kacak-gocmen-tasiyan-otomobil-denize-dustu\/\" \/>\n<meta property=\"og:site_name\" content=\"Bat\u0131 Trakya Haber\" \/>\n<meta property=\"article:published_time\" content=\"2023-08-11T23:02:37+00:00\" \/>\n<meta property=\"og:image\" content=\"https:\/\/batitrakya.net\/wp-content\/uploads\/2023\/08\/kacak_portalagos.jpg\" \/>\n\t<meta property=\"og:image:width\" content=\"720\" \/>\n\t<meta property=\"og:image:height\" content=\"348\" \/>\n\t<meta property=\"og:image:type\" content=\"image\/jpeg\" \/>\n<meta name=\"author\" content=\"tamer\" \/>\n<meta name=\"twitter:card\" content=\"summary_large_image\" \/>\n<meta name=\"twitter:label1\" content=\"Yazan:\" \/>\n\t<meta name=\"twitter:data1\" content=\"tamer\" \/>\n\t<meta name=\"twitter:label2\" content=\"Tahmini okuma s\u00fcresi\" \/>\n\t<meta name=\"twitter:data2\" content=\"1 dakika\" \/>\n<script type=\"application\/ld+json\" class=\"yoast-schema-graph\">{\"@context\":\"https:\\\/\\\/schema.org\",\"@graph\":[{\"@type\":\"Article\",\"@id\":\"https:\\\/\\\/batitrakya.net\\\/index.php\\\/portolagosta-kacak-gocmen-tasiyan-otomobil-denize-dustu\\\/#article\",\"isPartOf\":{\"@id\":\"https:\\\/\\\/batitrakya.net\\\/index.php\\\/portolagosta-kacak-gocmen-tasiyan-otomobil-denize-dustu\\\/\"},\"author\":{\"name\":\"tamer\",\"@id\":\"https:\\\/\\\/batitrakya.net\\\/#\\\/schema\\\/person\\\/61b86abbc19e5fa0bbc3059670546fe5\"},\"headline\":\"Portolagos\u2019ta ka\u00e7ak g\u00f6\u00e7men ta\u015f\u0131yan otomobil denize d\u00fc\u015ft\u00fc&#8230;\",\"datePublished\":\"2023-08-11T23:02:37+00:00\",\"mainEntityOfPage\":{\"@id\":\"https:\\\/\\\/batitrakya.net\\\/index.php\\\/portolagosta-kacak-gocmen-tasiyan-otomobil-denize-dustu\\\/\"},\"wordCount\":214,\"commentCount\":0,\"image\":{\"@id\":\"https:\\\/\\\/batitrakya.net\\\/index.php\\\/portolagosta-kacak-gocmen-tasiyan-otomobil-denize-dustu\\\/#primaryimage\"},\"thumbnailUrl\":\"https:\\\/\\\/batitrakya.net\\\/wp-content\\\/uploads\\\/2023\\\/08\\\/kacak_portalagos.jpg\",\"keywords\":[\"G\u00f6\u00e7men\",\"Kaza\"],\"articleSection\":[\"Bat\u0131 Trakyam Haber\"],\"inLanguage\":\"tr\",\"potentialAction\":[{\"@type\":\"CommentAction\",\"name\":\"Comment\",\"target\":[\"https:\\\/\\\/batitrakya.net\\\/index.php\\\/portolagosta-kacak-gocmen-tasiyan-otomobil-denize-dustu\\\/#respond\"]}],\"copyrightYear\":\"2023\",\"copyrightHolder\":{\"@id\":\"https:\\\/\\\/batitrakya.net\\\/#organization\"}},{\"@type\":\"WebPage\",\"@id\":\"https:\\\/\\\/batitrakya.net\\\/index.php\\\/portolagosta-kacak-gocmen-tasiyan-otomobil-denize-dustu\\\/\",\"url\":\"https:\\\/\\\/batitrakya.net\\\/index.php\\\/portolagosta-kacak-gocmen-tasiyan-otomobil-denize-dustu\\\/\",\"name\":\"Portolagos\u2019ta ka\u00e7ak g\u00f6\u00e7men ta\u015f\u0131yan otomobil denize d\u00fc\u015ft\u00fc... - Bat\u0131 Trakya Haber\",\"isPartOf\":{\"@id\":\"https:\\\/\\\/batitrakya.net\\\/#website\"},\"primaryImageOfPage\":{\"@id\":\"https:\\\/\\\/batitrakya.net\\\/index.php\\\/portolagosta-kacak-gocmen-tasiyan-otomobil-denize-dustu\\\/#primaryimage\"},\"image\":{\"@id\":\"https:\\\/\\\/batitrakya.net\\\/index.php\\\/portolagosta-kacak-gocmen-tasiyan-otomobil-denize-dustu\\\/#primaryimage\"},\"thumbnailUrl\":\"https:\\\/\\\/batitrakya.net\\\/wp-content\\\/uploads\\\/2023\\\/08\\\/kacak_portalagos.jpg\",\"datePublished\":\"2023-08-11T23:02:37+00:00\",\"author\":{\"@id\":\"https:\\\/\\\/batitrakya.net\\\/#\\\/schema\\\/person\\\/61b86abbc19e5fa0bbc3059670546fe5\"},\"breadcrumb\":{\"@id\":\"https:\\\/\\\/batitrakya.net\\\/index.php\\\/portolagosta-kacak-gocmen-tasiyan-otomobil-denize-dustu\\\/#breadcrumb\"},\"inLanguage\":\"tr\",\"potentialAction\":[{\"@type\":\"ReadAction\",\"target\":[\"https:\\\/\\\/batitrakya.net\\\/index.php\\\/portolagosta-kacak-gocmen-tasiyan-otomobil-denize-dustu\\\/\"]}]},{\"@type\":\"ImageObject\",\"inLanguage\":\"tr\",\"@id\":\"https:\\\/\\\/batitrakya.net\\\/index.php\\\/portolagosta-kacak-gocmen-tasiyan-otomobil-denize-dustu\\\/#primaryimage\",\"url\":\"https:\\\/\\\/batitrakya.net\\\/wp-content\\\/uploads\\\/2023\\\/08\\\/kacak_portalagos.jpg\",\"contentUrl\":\"https:\\\/\\\/batitrakya.net\\\/wp-content\\\/uploads\\\/2023\\\/08\\\/kacak_portalagos.jpg\",\"width\":720,\"height\":348},{\"@type\":\"BreadcrumbList\",\"@id\":\"https:\\\/\\\/batitrakya.net\\\/index.php\\\/portolagosta-kacak-gocmen-tasiyan-otomobil-denize-dustu\\\/#breadcrumb\",\"itemListElement\":[{\"@type\":\"ListItem\",\"position\":1,\"name\":\"Anasayfa\",\"item\":\"https:\\\/\\\/batitrakya.net\\\/\"},{\"@type\":\"ListItem\",\"position\":2,\"name\":\"Portolagos\u2019ta ka\u00e7ak g\u00f6\u00e7men ta\u015f\u0131yan otomobil denize d\u00fc\u015ft\u00fc&#8230;\"}]},{\"@type\":\"WebSite\",\"@id\":\"https:\\\/\\\/batitrakya.net\\\/#website\",\"url\":\"https:\\\/\\\/batitrakya.net\\\/\",\"name\":\"Bat\u0131 Trakya Haber\",\"description\":\"Bat\u0131 Trakyan\u0131n internetteki sesi..\",\"potentialAction\":[{\"@type\":\"SearchAction\",\"target\":{\"@type\":\"EntryPoint\",\"urlTemplate\":\"https:\\\/\\\/batitrakya.net\\\/?s={search_term_string}\"},\"query-input\":{\"@type\":\"PropertyValueSpecification\",\"valueRequired\":true,\"valueName\":\"search_term_string\"}}],\"inLanguage\":\"tr\"},{\"@type\":\"Person\",\"@id\":\"https:\\\/\\\/batitrakya.net\\\/#\\\/schema\\\/person\\\/61b86abbc19e5fa0bbc3059670546fe5\",\"name\":\"tamer\",\"image\":{\"@type\":\"ImageObject\",\"inLanguage\":\"tr\",\"@id\":\"https:\\\/\\\/secure.gravatar.com\\\/avatar\\\/60b0ff14c4376999cea9565d28b91fc61ff0f727c28cd083506a6d83ad6df9c9?s=96&d=mm&r=g\",\"url\":\"https:\\\/\\\/secure.gravatar.com\\\/avatar\\\/60b0ff14c4376999cea9565d28b91fc61ff0f727c28cd083506a6d83ad6df9c9?s=96&d=mm&r=g\",\"contentUrl\":\"https:\\\/\\\/secure.gravatar.com\\\/avatar\\\/60b0ff14c4376999cea9565d28b91fc61ff0f727c28cd083506a6d83ad6df9c9?s=96&d=mm&r=g\",\"caption\":\"tamer\"},\"sameAs\":[\"https:\\\/\\\/batitrakya.net\"],\"url\":\"https:\\\/\\\/batitrakya.net\\\/index.php\\\/author\\\/tamer\\\/\"}]}<\/script>\n<!-- \/ Yoast SEO Premium plugin. -->","yoast_head_json":{"title":"Portolagos\u2019ta ka\u00e7ak g\u00f6\u00e7men ta\u015f\u0131yan otomobil denize d\u00fc\u015ft\u00fc... - Bat\u0131 Trakya Haber","robots":{"index":"index","follow":"follow","max-snippet":"max-snippet:-1","max-image-preview":"max-image-preview:large","max-video-preview":"max-video-preview:-1"},"canonical":"https:\/\/batitrakya.net\/index.php\/portolagosta-kacak-gocmen-tasiyan-otomobil-denize-dustu\/","og_locale":"tr_TR","og_type":"article","og_title":"Portolagos\u2019ta ka\u00e7ak g\u00f6\u00e7men ta\u015f\u0131yan otomobil denize d\u00fc\u015ft\u00fc...","og_description":"\u0130ske\u00e7e iline ba\u011fl\u0131 liman k\u00f6y\u00fc Porto Lagos&#8217;ta i\u00e7inde 2&#8217;si ka\u00e7ak g\u00f6\u00e7men 3 ki\u015finin bulundu\u011fu otomobil denize d\u00fc\u015ft\u00fc. Olay yerine yak\u0131n bir mesafede bal\u0131k avlanan Bat\u0131 Trakya T\u00fcrk Az\u0131nl\u0131k mensubu bal\u0131k\u00e7\u0131lar tan\u0131k olduklar\u0131 kaza an\u0131yla ilgili bilgileri Millet&#8217;e aktard\u0131lar. Edinilen bilgilere g\u00f6re, \u00c7ar\u015famba sabah saat 08.00 sular\u0131nda G\u00fcm\u00fclcine-\u0130ske\u00e7e istikametinde i\u00e7inde 2 ka\u00e7ak g\u00f6\u00e7men ta\u015f\u0131yan otomobil G\u00fcm\u00fclcine&#8217;den &hellip;","og_url":"https:\/\/batitrakya.net\/index.php\/portolagosta-kacak-gocmen-tasiyan-otomobil-denize-dustu\/","og_site_name":"Bat\u0131 Trakya Haber","article_published_time":"2023-08-11T23:02:37+00:00","og_image":[{"width":720,"height":348,"url":"https:\/\/batitrakya.net\/wp-content\/uploads\/2023\/08\/kacak_portalagos.jpg","type":"image\/jpeg"}],"author":"tamer","twitter_card":"summary_large_image","twitter_misc":{"Yazan:":"tamer","Tahmini okuma s\u00fcresi":"1 dakika"},"schema":{"@context":"https:\/\/schema.org","@graph":[{"@type":"Article","@id":"https:\/\/batitrakya.net\/index.php\/portolagosta-kacak-gocmen-tasiyan-otomobil-denize-dustu\/#article","isPartOf":{"@id":"https:\/\/batitrakya.net\/index.php\/portolagosta-kacak-gocmen-tasiyan-otomobil-denize-dustu\/"},"author":{"name":"tamer","@id":"https:\/\/batitrakya.net\/#\/schema\/person\/61b86abbc19e5fa0bbc3059670546fe5"},"headline":"Portolagos\u2019ta ka\u00e7ak g\u00f6\u00e7men ta\u015f\u0131yan otomobil denize d\u00fc\u015ft\u00fc&#8230;","datePublished":"2023-08-11T23:02:37+00:00","mainEntityOfPage":{"@id":"https:\/\/batitrakya.net\/index.php\/portolagosta-kacak-gocmen-tasiyan-otomobil-denize-dustu\/"},"wordCount":214,"commentCount":0,"image":{"@id":"https:\/\/batitrakya.net\/index.php\/portolagosta-kacak-gocmen-tasiyan-otomobil-denize-dustu\/#primaryimage"},"thumbnailUrl":"https:\/\/batitrakya.net\/wp-content\/uploads\/2023\/08\/kacak_portalagos.jpg","keywords":["G\u00f6\u00e7men","Kaza"],"articleSection":["Bat\u0131 Trakyam Haber"],"inLanguage":"tr","potentialAction":[{"@type":"CommentAction","name":"Comment","target":["https:\/\/batitrakya.net\/index.php\/portolagosta-kacak-gocmen-tasiyan-otomobil-denize-dustu\/#respond"]}],"copyrightYear":"2023","copyrightHolder":{"@id":"https:\/\/batitrakya.net\/#organization"}},{"@type":"WebPage","@id":"https:\/\/batitrakya.net\/index.php\/portolagosta-kacak-gocmen-tasiyan-otomobil-denize-dustu\/","url":"https:\/\/batitrakya.net\/index.php\/portolagosta-kacak-gocmen-tasiyan-otomobil-denize-dustu\/","name":"Portolagos\u2019ta ka\u00e7ak g\u00f6\u00e7men ta\u015f\u0131yan otomobil denize d\u00fc\u015ft\u00fc... - Bat\u0131 Trakya Haber","isPartOf":{"@id":"https:\/\/batitrakya.net\/#website"},"primaryImageOfPage":{"@id":"https:\/\/batitrakya.net\/index.php\/portolagosta-kacak-gocmen-tasiyan-otomobil-denize-dustu\/#primaryimage"},"image":{"@id":"https:\/\/batitrakya.net\/index.php\/portolagosta-kacak-gocmen-tasiyan-otomobil-denize-dustu\/#primaryimage"},"thumbnailUrl":"https:\/\/batitrakya.net\/wp-content\/uploads\/2023\/08\/kacak_portalagos.jpg","datePublished":"2023-08-11T23:02:37+00:00","author":{"@id":"https:\/\/batitrakya.net\/#\/schema\/person\/61b86abbc19e5fa0bbc3059670546fe5"},"breadcrumb":{"@id":"https:\/\/batitrakya.net\/index.php\/portolagosta-kacak-gocmen-tasiyan-otomobil-denize-dustu\/#breadcrumb"},"inLanguage":"tr","potentialAction":[{"@type":"ReadAction","target":["https:\/\/batitrakya.net\/index.php\/portolagosta-kacak-gocmen-tasiyan-otomobil-denize-dustu\/"]}]},{"@type":"ImageObject","inLanguage":"tr","@id":"https:\/\/batitrakya.net\/index.php\/portolagosta-kacak-gocmen-tasiyan-otomobil-denize-dustu\/#primaryimage","url":"https:\/\/batitrakya.net\/wp-content\/uploads\/2023\/08\/kacak_portalagos.jpg","contentUrl":"https:\/\/batitrakya.net\/wp-content\/uploads\/2023\/08\/kacak_portalagos.jpg","width":720,"height":348},{"@type":"BreadcrumbList","@id":"https:\/\/batitrakya.net\/index.php\/portolagosta-kacak-gocmen-tasiyan-otomobil-denize-dustu\/#breadcrumb","itemListElement":[{"@type":"ListItem","position":1,"name":"Anasayfa","item":"https:\/\/batitrakya.net\/"},{"@type":"ListItem","position":2,"name":"Portolagos\u2019ta ka\u00e7ak g\u00f6\u00e7men ta\u015f\u0131yan otomobil denize d\u00fc\u015ft\u00fc&#8230;"}]},{"@type":"WebSite","@id":"https:\/\/batitrakya.net\/#website","url":"https:\/\/batitrakya.net\/","name":"Bat\u0131 Trakya Haber","description":"Bat\u0131 Trakyan\u0131n internetteki sesi..","potentialAction":[{"@type":"SearchAction","target":{"@type":"EntryPoint","urlTemplate":"https:\/\/batitrakya.net\/?s={search_term_string}"},"query-input":{"@type":"PropertyValueSpecification","valueRequired":true,"valueName":"search_term_string"}}],"inLanguage":"tr"},{"@type":"Person","@id":"https:\/\/batitrakya.net\/#\/schema\/person\/61b86abbc19e5fa0bbc3059670546fe5","name":"tamer","image":{"@type":"ImageObject","inLanguage":"tr","@id":"https:\/\/secure.gravatar.com\/avatar\/60b0ff14c4376999cea9565d28b91fc61ff0f727c28cd083506a6d83ad6df9c9?s=96&d=mm&r=g","url":"https:\/\/secure.gravatar.com\/avatar\/60b0ff14c4376999cea9565d28b91fc61ff0f727c28cd083506a6d83ad6df9c9?s=96&d=mm&r=g","contentUrl":"https:\/\/secure.gravatar.com\/avatar\/60b0ff14c4376999cea9565d28b91fc61ff0f727c28cd083506a6d83ad6df9c9?s=96&d=mm&r=g","caption":"tamer"},"sameAs":["https:\/\/batitrakya.net"],"url":"https:\/\/batitrakya.net\/index.php\/author\/tamer\/"}]}},"_links":{"self":[{"href":"https:\/\/batitrakya.net\/index.php\/wp-json\/wp\/v2\/posts\/42091","targetHints":{"allow":["GET"]}}],"collection":[{"href":"https:\/\/batitrakya.net\/index.php\/wp-json\/wp\/v2\/posts"}],"about":[{"href":"https:\/\/batitrakya.net\/index.php\/wp-json\/wp\/v2\/types\/post"}],"author":[{"embeddable":true,"href":"https:\/\/batitrakya.net\/index.php\/wp-json\/wp\/v2\/users\/1"}],"replies":[{"embeddable":true,"href":"https:\/\/batitrakya.net\/index.php\/wp-json\/wp\/v2\/comments?post=42091"}],"version-history":[{"count":0,"href":"https:\/\/batitrakya.net\/index.php\/wp-json\/wp\/v2\/posts\/42091\/revisions"}],"wp:featuredmedia":[{"embeddable":true,"href":"https:\/\/batitrakya.net\/index.php\/wp-json\/wp\/v2\/media\/42094"}],"wp:attachment":[{"href":"https:\/\/batitrakya.net\/index.php\/wp-json\/wp\/v2\/media?parent=42091"}],"wp:term":[{"taxonomy":"category","embeddable":true,"href":"https:\/\/batitrakya.net\/index.php\/wp-json\/wp\/v2\/categories?post=42091"},{"taxonomy":"post_tag","embeddable":true,"href":"https:\/\/batitrakya.net\/index.php\/wp-json\/wp\/v2\/tags?post=42091"}],"curies":[{"name":"wp","href":"https:\/\/api.w.org\/{rel}","templated":true}]}}