{"id":42873,"date":"2024-02-03T08:47:16","date_gmt":"2024-02-03T05:47:16","guid":{"rendered":"https:\/\/batitrakya.net\/?p=42873"},"modified":"2024-02-03T08:47:16","modified_gmt":"2024-02-03T05:47:16","slug":"micotakisin-ciftci-protestolarini-sonlandirmak-icin-aldigi-onlemler","status":"publish","type":"post","link":"https:\/\/batitrakya.net\/index.php\/micotakisin-ciftci-protestolarini-sonlandirmak-icin-aldigi-onlemler\/","title":{"rendered":"Mi\u00e7otakis&#8217;\u0131n \u00e7ift\u00e7i protestolar\u0131n\u0131 sonland\u0131rmak i\u00e7in ald\u0131\u011f\u0131 \u00f6nlemler&#8230;"},"content":{"rendered":"<p>Ba\u015fbakan Kiryakos Mi\u00e7otakis, \u00e7ift\u00e7ilerin tar\u0131m sekt\u00f6r\u00fcndeki artan sorunlara dikkati \u00e7ekmek amac\u0131yla iki haftad\u0131r s\u00fcrd\u00fcrd\u00fc\u011f\u00fc protestolar\u0131n sonland\u0131r\u0131lmas\u0131 amac\u0131yla h\u00fck\u00fcmetin alaca\u011f\u0131 yeni \u00f6nlemleri a\u00e7\u0131klad\u0131.<\/p>\n<p>Mi\u00e7otakis, Yunan parlamentosunda yapt\u0131\u011f\u0131 konu\u015fmada, \u00e7ift\u00e7ilerin kulland\u0131\u011f\u0131 mazota uygulanan \u00f6zel t\u00fcketim vergisinin iadesinin bu y\u0131l da s\u00fcrece\u011fini ifade etti.<\/p>\n<p>Yunanistan Elektrik Kurumunun, \u00e7ift\u00e7ilere may\u0131s-eyl\u00fcl aylar\u0131nda y\u00fczde 10 indirim uygulayaca\u011f\u0131n\u0131 belirten Mi\u00e7otakis, \u00e7ift\u00e7ilerin baz\u0131 kurumlara olan bor\u00e7lar\u0131n\u0131 \u00f6demelerinde de kolayl\u0131k sa\u011flanaca\u011f\u0131n\u0131 duyurdu.<\/p>\n<p>\u00d6te yandan, eylemlerine devam etmekte kararl\u0131 olan \u00e7ift\u00e7iler, yar\u0131n Selanik Uluslararas\u0131 Fuar Merkezi&#8217;nde d\u00fczenlenecek &#8220;Agrotica&#8221; fuar\u0131 dolay\u0131s\u0131yla b\u00fcy\u00fck bir g\u00f6steri yapmay\u0131 planl\u0131yor.<\/p>\n<p>Eyl\u00fcl 2023&#8217;te ya\u015fanan sel felaketinde zarar g\u00f6ren mahsulleri i\u00e7in kendilerine tazminat \u00f6denmesi, olumsuz hava ko\u015fullar\u0131 kar\u015f\u0131s\u0131nda \u00fcr\u00fcnlerin korunmas\u0131n\u0131 sa\u011flayan projelerin ba\u015flat\u0131lmas\u0131, \u00fcretim maliyetlerinin d\u00fc\u015f\u00fcr\u00fclmesi gibi talepleri olan \u00e7ift\u00e7iler, iki haftad\u0131r \u00e7e\u015fitli kentlerde protestolar d\u00fczenliyor.<\/p>\n","protected":false},"excerpt":{"rendered":"<p>Ba\u015fbakan Kiryakos Mi\u00e7otakis, \u00e7ift\u00e7ilerin tar\u0131m sekt\u00f6r\u00fcndeki artan sorunlara dikkati \u00e7ekmek amac\u0131yla iki haftad\u0131r s\u00fcrd\u00fcrd\u00fc\u011f\u00fc protestolar\u0131n sonland\u0131r\u0131lmas\u0131 amac\u0131yla h\u00fck\u00fcmetin alaca\u011f\u0131 yeni \u00f6nlemleri a\u00e7\u0131klad\u0131. Mi\u00e7otakis, Yunan parlamentosunda yapt\u0131\u011f\u0131 konu\u015fmada, \u00e7ift\u00e7ilerin kulland\u0131\u011f\u0131 mazota uygulanan \u00f6zel t\u00fcketim vergisinin iadesinin bu y\u0131l da s\u00fcrece\u011fini ifade etti. Yunanistan Elektrik Kurumunun, \u00e7ift\u00e7ilere may\u0131s-eyl\u00fcl aylar\u0131nda y\u00fczde 10 indirim uygulayaca\u011f\u0131n\u0131 belirten Mi\u00e7otakis, \u00e7ift\u00e7ilerin baz\u0131 &hellip;<\/p>\n","protected":false},"author":1,"featured_media":29422,"comment_status":"open","ping_status":"open","sticky":false,"template":"","format":"standard","meta":{"footnotes":""},"categories":[57],"tags":[505],"class_list":["post-42873","post","type-post","status-publish","format-standard","has-post-thumbnail","hentry","category-yunanistan","tag-grev"],"yoast_head":"<!-- This site is optimized with the Yoast SEO Premium plugin v26.3 (Yoast SEO v28.2) - https:\/\/yoast.com\/product\/yoast-seo-premium-wordpress\/ -->\n<title>Mi\u00e7otakis&#039;\u0131n \u00e7ift\u00e7i protestolar\u0131n\u0131 sonland\u0131rmak i\u00e7in ald\u0131\u011f\u0131 \u00f6nlemler... - Bat\u0131 Trakya Haber<\/title>\n<meta name=\"description\" content=\"Ba\u015fbakan Mi\u00e7otakis \u00e7ift\u00e7i protestolar\u0131n\u0131 sonland\u0131rmak i\u00e7in al\u0131nan \u00f6nlemleri a\u00e7\u0131klad\u0131\" \/>\n<meta name=\"robots\" content=\"index, follow, max-snippet:-1, max-image-preview:large, max-video-preview:-1\" \/>\n<link rel=\"canonical\" href=\"https:\/\/batitrakya.net\/index.php\/micotakisin-ciftci-protestolarini-sonlandirmak-icin-aldigi-onlemler\/\" \/>\n<meta property=\"og:locale\" content=\"tr_TR\" \/>\n<meta property=\"og:type\" content=\"article\" \/>\n<meta property=\"og:title\" content=\"Mi\u00e7otakis&#039;\u0131n \u00e7ift\u00e7i protestolar\u0131n\u0131 sonland\u0131rmak i\u00e7in ald\u0131\u011f\u0131 \u00f6nlemler...\" \/>\n<meta property=\"og:description\" content=\"Ba\u015fbakan Mi\u00e7otakis \u00e7ift\u00e7i protestolar\u0131n\u0131 sonland\u0131rmak i\u00e7in al\u0131nan \u00f6nlemleri a\u00e7\u0131klad\u0131\" \/>\n<meta property=\"og:url\" content=\"https:\/\/batitrakya.net\/index.php\/micotakisin-ciftci-protestolarini-sonlandirmak-icin-aldigi-onlemler\/\" \/>\n<meta property=\"og:site_name\" content=\"Bat\u0131 Trakya Haber\" \/>\n<meta property=\"article:published_time\" content=\"2024-02-03T05:47:16+00:00\" \/>\n<meta property=\"og:image\" content=\"https:\/\/batitrakya.net\/wp-content\/uploads\/2020\/10\/mico_aga.jpg\" \/>\n\t<meta property=\"og:image:width\" content=\"720\" \/>\n\t<meta property=\"og:image:height\" content=\"348\" \/>\n\t<meta property=\"og:image:type\" content=\"image\/jpeg\" \/>\n<meta name=\"author\" content=\"tamer\" \/>\n<meta name=\"twitter:card\" content=\"summary_large_image\" \/>\n<meta name=\"twitter:label1\" content=\"Yazan:\" \/>\n\t<meta name=\"twitter:data1\" content=\"tamer\" \/>\n\t<meta name=\"twitter:label2\" content=\"Tahmini okuma s\u00fcresi\" \/>\n\t<meta name=\"twitter:data2\" content=\"1 dakika\" \/>\n<script type=\"application\/ld+json\" class=\"yoast-schema-graph\">{\"@context\":\"https:\\\/\\\/schema.org\",\"@graph\":[{\"@type\":\"Article\",\"@id\":\"https:\\\/\\\/batitrakya.net\\\/index.php\\\/micotakisin-ciftci-protestolarini-sonlandirmak-icin-aldigi-onlemler\\\/#article\",\"isPartOf\":{\"@id\":\"https:\\\/\\\/batitrakya.net\\\/index.php\\\/micotakisin-ciftci-protestolarini-sonlandirmak-icin-aldigi-onlemler\\\/\"},\"author\":{\"name\":\"tamer\",\"@id\":\"https:\\\/\\\/batitrakya.net\\\/#\\\/schema\\\/person\\\/61b86abbc19e5fa0bbc3059670546fe5\"},\"headline\":\"Mi\u00e7otakis&#8217;\u0131n \u00e7ift\u00e7i protestolar\u0131n\u0131 sonland\u0131rmak i\u00e7in ald\u0131\u011f\u0131 \u00f6nlemler&#8230;\",\"datePublished\":\"2024-02-03T05:47:16+00:00\",\"mainEntityOfPage\":{\"@id\":\"https:\\\/\\\/batitrakya.net\\\/index.php\\\/micotakisin-ciftci-protestolarini-sonlandirmak-icin-aldigi-onlemler\\\/\"},\"wordCount\":196,\"commentCount\":0,\"image\":{\"@id\":\"https:\\\/\\\/batitrakya.net\\\/index.php\\\/micotakisin-ciftci-protestolarini-sonlandirmak-icin-aldigi-onlemler\\\/#primaryimage\"},\"thumbnailUrl\":\"https:\\\/\\\/batitrakya.net\\\/wp-content\\\/uploads\\\/2020\\\/10\\\/mico_aga.jpg\",\"keywords\":[\"Grev\"],\"articleSection\":[\"Yunanistan Haber\"],\"inLanguage\":\"tr\",\"potentialAction\":[{\"@type\":\"CommentAction\",\"name\":\"Comment\",\"target\":[\"https:\\\/\\\/batitrakya.net\\\/index.php\\\/micotakisin-ciftci-protestolarini-sonlandirmak-icin-aldigi-onlemler\\\/#respond\"]}],\"copyrightYear\":\"2024\",\"copyrightHolder\":{\"@id\":\"https:\\\/\\\/batitrakya.net\\\/#organization\"}},{\"@type\":\"WebPage\",\"@id\":\"https:\\\/\\\/batitrakya.net\\\/index.php\\\/micotakisin-ciftci-protestolarini-sonlandirmak-icin-aldigi-onlemler\\\/\",\"url\":\"https:\\\/\\\/batitrakya.net\\\/index.php\\\/micotakisin-ciftci-protestolarini-sonlandirmak-icin-aldigi-onlemler\\\/\",\"name\":\"Mi\u00e7otakis'\u0131n \u00e7ift\u00e7i protestolar\u0131n\u0131 sonland\u0131rmak i\u00e7in ald\u0131\u011f\u0131 \u00f6nlemler... - Bat\u0131 Trakya Haber\",\"isPartOf\":{\"@id\":\"https:\\\/\\\/batitrakya.net\\\/#website\"},\"primaryImageOfPage\":{\"@id\":\"https:\\\/\\\/batitrakya.net\\\/index.php\\\/micotakisin-ciftci-protestolarini-sonlandirmak-icin-aldigi-onlemler\\\/#primaryimage\"},\"image\":{\"@id\":\"https:\\\/\\\/batitrakya.net\\\/index.php\\\/micotakisin-ciftci-protestolarini-sonlandirmak-icin-aldigi-onlemler\\\/#primaryimage\"},\"thumbnailUrl\":\"https:\\\/\\\/batitrakya.net\\\/wp-content\\\/uploads\\\/2020\\\/10\\\/mico_aga.jpg\",\"datePublished\":\"2024-02-03T05:47:16+00:00\",\"author\":{\"@id\":\"https:\\\/\\\/batitrakya.net\\\/#\\\/schema\\\/person\\\/61b86abbc19e5fa0bbc3059670546fe5\"},\"description\":\"Ba\u015fbakan Mi\u00e7otakis \u00e7ift\u00e7i protestolar\u0131n\u0131 sonland\u0131rmak i\u00e7in al\u0131nan \u00f6nlemleri a\u00e7\u0131klad\u0131\",\"breadcrumb\":{\"@id\":\"https:\\\/\\\/batitrakya.net\\\/index.php\\\/micotakisin-ciftci-protestolarini-sonlandirmak-icin-aldigi-onlemler\\\/#breadcrumb\"},\"inLanguage\":\"tr\",\"potentialAction\":[{\"@type\":\"ReadAction\",\"target\":[\"https:\\\/\\\/batitrakya.net\\\/index.php\\\/micotakisin-ciftci-protestolarini-sonlandirmak-icin-aldigi-onlemler\\\/\"]}]},{\"@type\":\"ImageObject\",\"inLanguage\":\"tr\",\"@id\":\"https:\\\/\\\/batitrakya.net\\\/index.php\\\/micotakisin-ciftci-protestolarini-sonlandirmak-icin-aldigi-onlemler\\\/#primaryimage\",\"url\":\"https:\\\/\\\/batitrakya.net\\\/wp-content\\\/uploads\\\/2020\\\/10\\\/mico_aga.jpg\",\"contentUrl\":\"https:\\\/\\\/batitrakya.net\\\/wp-content\\\/uploads\\\/2020\\\/10\\\/mico_aga.jpg\",\"width\":720,\"height\":348},{\"@type\":\"BreadcrumbList\",\"@id\":\"https:\\\/\\\/batitrakya.net\\\/index.php\\\/micotakisin-ciftci-protestolarini-sonlandirmak-icin-aldigi-onlemler\\\/#breadcrumb\",\"itemListElement\":[{\"@type\":\"ListItem\",\"position\":1,\"name\":\"Anasayfa\",\"item\":\"https:\\\/\\\/batitrakya.net\\\/\"},{\"@type\":\"ListItem\",\"position\":2,\"name\":\"Mi\u00e7otakis&#8217;\u0131n \u00e7ift\u00e7i protestolar\u0131n\u0131 sonland\u0131rmak i\u00e7in ald\u0131\u011f\u0131 \u00f6nlemler&#8230;\"}]},{\"@type\":\"WebSite\",\"@id\":\"https:\\\/\\\/batitrakya.net\\\/#website\",\"url\":\"https:\\\/\\\/batitrakya.net\\\/\",\"name\":\"Bat\u0131 Trakya Haber\",\"description\":\"Bat\u0131 Trakyan\u0131n internetteki sesi..\",\"potentialAction\":[{\"@type\":\"SearchAction\",\"target\":{\"@type\":\"EntryPoint\",\"urlTemplate\":\"https:\\\/\\\/batitrakya.net\\\/?s={search_term_string}\"},\"query-input\":{\"@type\":\"PropertyValueSpecification\",\"valueRequired\":true,\"valueName\":\"search_term_string\"}}],\"inLanguage\":\"tr\"},{\"@type\":\"Person\",\"@id\":\"https:\\\/\\\/batitrakya.net\\\/#\\\/schema\\\/person\\\/61b86abbc19e5fa0bbc3059670546fe5\",\"name\":\"tamer\",\"image\":{\"@type\":\"ImageObject\",\"inLanguage\":\"tr\",\"@id\":\"https:\\\/\\\/secure.gravatar.com\\\/avatar\\\/60b0ff14c4376999cea9565d28b91fc61ff0f727c28cd083506a6d83ad6df9c9?s=96&d=mm&r=g\",\"url\":\"https:\\\/\\\/secure.gravatar.com\\\/avatar\\\/60b0ff14c4376999cea9565d28b91fc61ff0f727c28cd083506a6d83ad6df9c9?s=96&d=mm&r=g\",\"contentUrl\":\"https:\\\/\\\/secure.gravatar.com\\\/avatar\\\/60b0ff14c4376999cea9565d28b91fc61ff0f727c28cd083506a6d83ad6df9c9?s=96&d=mm&r=g\",\"caption\":\"tamer\"},\"sameAs\":[\"https:\\\/\\\/batitrakya.net\"],\"url\":\"https:\\\/\\\/batitrakya.net\\\/index.php\\\/author\\\/tamer\\\/\"}]}<\/script>\n<!-- \/ Yoast SEO Premium plugin. -->","yoast_head_json":{"title":"Mi\u00e7otakis'\u0131n \u00e7ift\u00e7i protestolar\u0131n\u0131 sonland\u0131rmak i\u00e7in ald\u0131\u011f\u0131 \u00f6nlemler... - Bat\u0131 Trakya Haber","description":"Ba\u015fbakan Mi\u00e7otakis \u00e7ift\u00e7i protestolar\u0131n\u0131 sonland\u0131rmak i\u00e7in al\u0131nan \u00f6nlemleri a\u00e7\u0131klad\u0131","robots":{"index":"index","follow":"follow","max-snippet":"max-snippet:-1","max-image-preview":"max-image-preview:large","max-video-preview":"max-video-preview:-1"},"canonical":"https:\/\/batitrakya.net\/index.php\/micotakisin-ciftci-protestolarini-sonlandirmak-icin-aldigi-onlemler\/","og_locale":"tr_TR","og_type":"article","og_title":"Mi\u00e7otakis'\u0131n \u00e7ift\u00e7i protestolar\u0131n\u0131 sonland\u0131rmak i\u00e7in ald\u0131\u011f\u0131 \u00f6nlemler...","og_description":"Ba\u015fbakan Mi\u00e7otakis \u00e7ift\u00e7i protestolar\u0131n\u0131 sonland\u0131rmak i\u00e7in al\u0131nan \u00f6nlemleri a\u00e7\u0131klad\u0131","og_url":"https:\/\/batitrakya.net\/index.php\/micotakisin-ciftci-protestolarini-sonlandirmak-icin-aldigi-onlemler\/","og_site_name":"Bat\u0131 Trakya Haber","article_published_time":"2024-02-03T05:47:16+00:00","og_image":[{"width":720,"height":348,"url":"https:\/\/batitrakya.net\/wp-content\/uploads\/2020\/10\/mico_aga.jpg","type":"image\/jpeg"}],"author":"tamer","twitter_card":"summary_large_image","twitter_misc":{"Yazan:":"tamer","Tahmini okuma s\u00fcresi":"1 dakika"},"schema":{"@context":"https:\/\/schema.org","@graph":[{"@type":"Article","@id":"https:\/\/batitrakya.net\/index.php\/micotakisin-ciftci-protestolarini-sonlandirmak-icin-aldigi-onlemler\/#article","isPartOf":{"@id":"https:\/\/batitrakya.net\/index.php\/micotakisin-ciftci-protestolarini-sonlandirmak-icin-aldigi-onlemler\/"},"author":{"name":"tamer","@id":"https:\/\/batitrakya.net\/#\/schema\/person\/61b86abbc19e5fa0bbc3059670546fe5"},"headline":"Mi\u00e7otakis&#8217;\u0131n \u00e7ift\u00e7i protestolar\u0131n\u0131 sonland\u0131rmak i\u00e7in ald\u0131\u011f\u0131 \u00f6nlemler&#8230;","datePublished":"2024-02-03T05:47:16+00:00","mainEntityOfPage":{"@id":"https:\/\/batitrakya.net\/index.php\/micotakisin-ciftci-protestolarini-sonlandirmak-icin-aldigi-onlemler\/"},"wordCount":196,"commentCount":0,"image":{"@id":"https:\/\/batitrakya.net\/index.php\/micotakisin-ciftci-protestolarini-sonlandirmak-icin-aldigi-onlemler\/#primaryimage"},"thumbnailUrl":"https:\/\/batitrakya.net\/wp-content\/uploads\/2020\/10\/mico_aga.jpg","keywords":["Grev"],"articleSection":["Yunanistan Haber"],"inLanguage":"tr","potentialAction":[{"@type":"CommentAction","name":"Comment","target":["https:\/\/batitrakya.net\/index.php\/micotakisin-ciftci-protestolarini-sonlandirmak-icin-aldigi-onlemler\/#respond"]}],"copyrightYear":"2024","copyrightHolder":{"@id":"https:\/\/batitrakya.net\/#organization"}},{"@type":"WebPage","@id":"https:\/\/batitrakya.net\/index.php\/micotakisin-ciftci-protestolarini-sonlandirmak-icin-aldigi-onlemler\/","url":"https:\/\/batitrakya.net\/index.php\/micotakisin-ciftci-protestolarini-sonlandirmak-icin-aldigi-onlemler\/","name":"Mi\u00e7otakis'\u0131n \u00e7ift\u00e7i protestolar\u0131n\u0131 sonland\u0131rmak i\u00e7in ald\u0131\u011f\u0131 \u00f6nlemler... - Bat\u0131 Trakya Haber","isPartOf":{"@id":"https:\/\/batitrakya.net\/#website"},"primaryImageOfPage":{"@id":"https:\/\/batitrakya.net\/index.php\/micotakisin-ciftci-protestolarini-sonlandirmak-icin-aldigi-onlemler\/#primaryimage"},"image":{"@id":"https:\/\/batitrakya.net\/index.php\/micotakisin-ciftci-protestolarini-sonlandirmak-icin-aldigi-onlemler\/#primaryimage"},"thumbnailUrl":"https:\/\/batitrakya.net\/wp-content\/uploads\/2020\/10\/mico_aga.jpg","datePublished":"2024-02-03T05:47:16+00:00","author":{"@id":"https:\/\/batitrakya.net\/#\/schema\/person\/61b86abbc19e5fa0bbc3059670546fe5"},"description":"Ba\u015fbakan Mi\u00e7otakis \u00e7ift\u00e7i protestolar\u0131n\u0131 sonland\u0131rmak i\u00e7in al\u0131nan \u00f6nlemleri a\u00e7\u0131klad\u0131","breadcrumb":{"@id":"https:\/\/batitrakya.net\/index.php\/micotakisin-ciftci-protestolarini-sonlandirmak-icin-aldigi-onlemler\/#breadcrumb"},"inLanguage":"tr","potentialAction":[{"@type":"ReadAction","target":["https:\/\/batitrakya.net\/index.php\/micotakisin-ciftci-protestolarini-sonlandirmak-icin-aldigi-onlemler\/"]}]},{"@type":"ImageObject","inLanguage":"tr","@id":"https:\/\/batitrakya.net\/index.php\/micotakisin-ciftci-protestolarini-sonlandirmak-icin-aldigi-onlemler\/#primaryimage","url":"https:\/\/batitrakya.net\/wp-content\/uploads\/2020\/10\/mico_aga.jpg","contentUrl":"https:\/\/batitrakya.net\/wp-content\/uploads\/2020\/10\/mico_aga.jpg","width":720,"height":348},{"@type":"BreadcrumbList","@id":"https:\/\/batitrakya.net\/index.php\/micotakisin-ciftci-protestolarini-sonlandirmak-icin-aldigi-onlemler\/#breadcrumb","itemListElement":[{"@type":"ListItem","position":1,"name":"Anasayfa","item":"https:\/\/batitrakya.net\/"},{"@type":"ListItem","position":2,"name":"Mi\u00e7otakis&#8217;\u0131n \u00e7ift\u00e7i protestolar\u0131n\u0131 sonland\u0131rmak i\u00e7in ald\u0131\u011f\u0131 \u00f6nlemler&#8230;"}]},{"@type":"WebSite","@id":"https:\/\/batitrakya.net\/#website","url":"https:\/\/batitrakya.net\/","name":"Bat\u0131 Trakya Haber","description":"Bat\u0131 Trakyan\u0131n internetteki sesi..","potentialAction":[{"@type":"SearchAction","target":{"@type":"EntryPoint","urlTemplate":"https:\/\/batitrakya.net\/?s={search_term_string}"},"query-input":{"@type":"PropertyValueSpecification","valueRequired":true,"valueName":"search_term_string"}}],"inLanguage":"tr"},{"@type":"Person","@id":"https:\/\/batitrakya.net\/#\/schema\/person\/61b86abbc19e5fa0bbc3059670546fe5","name":"tamer","image":{"@type":"ImageObject","inLanguage":"tr","@id":"https:\/\/secure.gravatar.com\/avatar\/60b0ff14c4376999cea9565d28b91fc61ff0f727c28cd083506a6d83ad6df9c9?s=96&d=mm&r=g","url":"https:\/\/secure.gravatar.com\/avatar\/60b0ff14c4376999cea9565d28b91fc61ff0f727c28cd083506a6d83ad6df9c9?s=96&d=mm&r=g","contentUrl":"https:\/\/secure.gravatar.com\/avatar\/60b0ff14c4376999cea9565d28b91fc61ff0f727c28cd083506a6d83ad6df9c9?s=96&d=mm&r=g","caption":"tamer"},"sameAs":["https:\/\/batitrakya.net"],"url":"https:\/\/batitrakya.net\/index.php\/author\/tamer\/"}]}},"_links":{"self":[{"href":"https:\/\/batitrakya.net\/index.php\/wp-json\/wp\/v2\/posts\/42873","targetHints":{"allow":["GET"]}}],"collection":[{"href":"https:\/\/batitrakya.net\/index.php\/wp-json\/wp\/v2\/posts"}],"about":[{"href":"https:\/\/batitrakya.net\/index.php\/wp-json\/wp\/v2\/types\/post"}],"author":[{"embeddable":true,"href":"https:\/\/batitrakya.net\/index.php\/wp-json\/wp\/v2\/users\/1"}],"replies":[{"embeddable":true,"href":"https:\/\/batitrakya.net\/index.php\/wp-json\/wp\/v2\/comments?post=42873"}],"version-history":[{"count":1,"href":"https:\/\/batitrakya.net\/index.php\/wp-json\/wp\/v2\/posts\/42873\/revisions"}],"predecessor-version":[{"id":42875,"href":"https:\/\/batitrakya.net\/index.php\/wp-json\/wp\/v2\/posts\/42873\/revisions\/42875"}],"wp:featuredmedia":[{"embeddable":true,"href":"https:\/\/batitrakya.net\/index.php\/wp-json\/wp\/v2\/media\/29422"}],"wp:attachment":[{"href":"https:\/\/batitrakya.net\/index.php\/wp-json\/wp\/v2\/media?parent=42873"}],"wp:term":[{"taxonomy":"category","embeddable":true,"href":"https:\/\/batitrakya.net\/index.php\/wp-json\/wp\/v2\/categories?post=42873"},{"taxonomy":"post_tag","embeddable":true,"href":"https:\/\/batitrakya.net\/index.php\/wp-json\/wp\/v2\/tags?post=42873"}],"curies":[{"name":"wp","href":"https:\/\/api.w.org\/{rel}","templated":true}]}}