{"id":42884,"date":"2024-02-03T09:18:00","date_gmt":"2024-02-03T06:18:00","guid":{"rendered":"https:\/\/batitrakya.net\/?p=42884"},"modified":"2024-02-03T09:18:00","modified_gmt":"2024-02-03T06:18:00","slug":"ethniki-bank-bir-cami-hibe-etti-ama-kimin-camisini-kime-hibe-etti","status":"publish","type":"post","link":"https:\/\/batitrakya.net\/index.php\/ethniki-bank-bir-cami-hibe-etti-ama-kimin-camisini-kime-hibe-etti\/","title":{"rendered":"Ethniki Bank Bir Cami Hibe Etti! Ama Kimin Camisini Kime hibe etti&#8230;"},"content":{"rendered":"<p>Evet, yanl\u0131\u015f okumad\u0131n\u0131z, Yunanistan\u2019da Ethniki Bank bir Camiyi Yunanistan K\u00fclt\u00fcr Bakanl\u0131\u011f\u0131\u2019na hibe etti. Bu Cami ve Daha Niceleri Nas\u0131l Ethniki Bank\u2019\u0131n Oldu? Yasal M\u0131?<\/p>\n<p>Yenice-i Vardar&#8217;\u0131n kurucusu Gazi Evrenos&#8217;un torunu Evrenoso\u011flu \u0130skender Bey taraf\u0131ndan 16. y\u00fczy\u0131l\u0131n ba\u015flar\u0131nda yapt\u0131r\u0131lan \u0130skender Bey Camii (Yunanca: \u03a4\u03b6\u03b1\u03bc\u03af \u03c4\u03bf\u03c5 \u0399\u03c3\u03ba\u03b5\u03bd\u03c4\u03ad\u03c1 \u039c\u03c0\u03ad\u03b7) veya Evrenoso\u011flu \u0130skender Bey Camii Yunanistan\u2019\u0131n en b\u00fcy\u00fck Bankalar\u0131ndan biri olan Ethniki Bank taraf\u0131ndan Yunanistan K\u00fclt\u00fcr Bakanl\u0131\u011f\u0131\u2019na devredildi.<\/p>\n<p>Ak\u0131llardaki soru i\u015fareti; \u201cNeden Ethniki Bank taraf\u0131ndan Yunanistan K\u00fclt\u00fcr Bakanl\u0131\u011f\u0131\u2019na devredildi? Gazi Evrenos&#8217;un torunu Evrenoso\u011flu \u0130skender Bey taraf\u0131ndan 16. y\u00fczy\u0131l\u0131n ba\u015flar\u0131nda yapt\u0131r\u0131lan \u0130skender Bey Camii Ethniki Bank\u2019\u0131n m\u00fclkiyeti miydi? M\u00fclkiyeti asla de\u011fildi! \u00c7\u00fcnk\u00fc Vak\u0131f mal\u0131yd\u0131 ve y\u00fczy\u0131llar da ge\u00e7se yine Vak\u0131f mal\u0131 olarak kalmaya devam edecek!<\/p>\n<p>Cevab\u0131 \u00e7ok basit olsa gerek. 6 y\u0131l \u00f6nce d\u00f6rt ki\u015filik bir ekiptik. Sessiz sedas\u0131z Yunanistan genelinde ba\u015flay\u0131p bitirdi\u011fimiz bir \u00e7al\u0131\u015fman\u0131n neticesinde <strong>\u201cGER\u0130DE BIRAKTIKLARIMIZ\u201d<\/strong> ile ilgili akl\u0131n\u0131z\u0131n ve hayalinizin alamayaca\u011f\u0131 bir \u00e7al\u0131\u015fma ger\u00e7ekle\u015ftirdik.<\/p>\n<p>Osmanl\u0131\u2019n\u0131n da\u011f\u0131lmas\u0131 ve Yunanistan\u2019\u0131n 1821 y\u0131l\u0131nda ba\u015flatt\u0131\u011f\u0131 ba\u011f\u0131ms\u0131zl\u0131k sava\u015f\u0131 ile birlikte ya\u015fanan naho\u015f olaylar neticesinde T\u00fcrkler zoraki g\u00f6\u00e7e mecbur kald\u0131ktan sonra (daha sonra da M\u00fcbadele ile) Yunanistan\u2019\u0131n bir\u00e7ok b\u00f6lgesinde y\u00fczy\u0131llarca ya\u015fayan T\u00fcrklere ait Vak\u0131f mallar\u0131 da do\u011fal olarak geride kald\u0131.<\/p>\n<p>\u0130\u015fte bu Vak\u0131f mallar\u0131n\u0131n tamam\u0131 o d\u00f6nem Ethniki Bank ailesine b\u0131rak\u0131ld\u0131. O g\u00fcn bu g\u00fcn Ethniki Bank t\u00fcm Yunanistan\u2019da bulunan Vak\u0131f mallar\u0131 \u00fczerinde (Bat\u0131 Trakya T\u00fcrk Az\u0131nl\u0131\u011f\u0131n\u0131n Vak\u0131flar\u0131 hari\u00e7) s\u00f6z sahibi. Bu mallar\u0131 y\u0131llarca kira bedeli kar\u015f\u0131l\u0131\u011f\u0131nda ya i\u015fletti veya baz\u0131lar\u0131n\u0131 da elinden sat\u0131\u015f usul\u00fcyle satt\u0131.<\/p>\n<p>Toplad\u0131\u011f\u0131 kiralardan bir miktar\u0131n\u0131 da Yunanistan genelinde Karadeniz ve Anadolu\u2019dan g\u00f6\u00e7 eden Rumlar\u0131n Yunanistan\u2019da kurduklar\u0131 derneklere her y\u0131l maddi destek sa\u011fland\u0131 bu dernekler ya\u015fat\u0131ld\u0131 ve g\u00fcn\u00fcm\u00fczde sa\u011flanmaya da devam ediyor. K\u0131sacas\u0131, <strong>\u201cGER\u0130DE BIRAKTIKLARIMIZ\u201d<\/strong> Vak\u0131f mallar\u0131yla Yunanistan\u2019da di\u011ferlerinin yan\u0131 s\u0131ra dernekler de nemalan\u0131yor.<\/p>\n<p>Son olarak ge\u00e7ti\u011fimiz g\u00fcnlerde Yunan bas\u0131n\u0131nda yer alan haberlere g\u00f6re, m\u00fclk sahibi olarak g\u00f6r\u00fcnen Ethniki Bank, Yenice-i Vardar\u2019da Evrenoso\u011flu \u0130skender Bey Camii\u2019ni Yunanistan K\u00fclt\u00fcr Bakanl\u0131\u011f\u0131\u2019na hi\u00e7 bir kar\u015f\u0131l\u0131k almadan hibe etti\u011fi ifade ediliyor.<\/p>\n<p>Dolay\u0131s\u0131yla da ya\u015fanan bu geli\u015fme sonras\u0131nda K\u00fclt\u00fcr Bakan\u0131 Lina Mendoni ve Ethniki Bankas\u0131 CEO\u2019su Pavlos Milonas konuya ili\u015fkin a\u00e7\u0131klamalarda bulundu.<\/p>\n<p><img loading=\"lazy\" decoding=\"async\" class=\"alignnone wp-image-46344 size-full\" src=\"https:\/\/birlikgazetesi.org\/wp-content\/uploads\/2024\/02\/yenice-cami-mendoni.jpg\" alt=\"\" width=\"970\" height=\"705\" \/><\/p>\n<p>K\u00fclt\u00fcr Bakan\u0131 Mendoni s\u00f6z konusu Evrenoso\u011flu \u0130skender Bey Camii&#8217;nin, Yenice-i Vardar\u2019\u0131n (Gianni\u00e7a) en \u00f6nemli Osmanl\u0131 tarihi eserlerinden biri oldu\u011funu hat\u0131rlatarak, Ethniki Bank y\u00f6neticisi Milonas\u2019a bu hareketinden dolay\u0131 te\u015fekk\u00fcr etti ve \u015funlar\u0131 s\u00f6yledi:<\/p>\n<p>\u201cHi\u00e7 bir kar\u015f\u0131l\u0131k talep etmeden, bu tarihi eserin Bakanl\u0131\u011f\u0131m\u0131za hibe edilmesinden dolay\u0131 Say\u0131n Milonas\u2019a te\u015fekk\u00fcr ederim. Bu vesile ile bu tarihi eserin, yeniden ortaya \u00e7\u0131kar\u0131lmas\u0131, tamir edilmesi, sanat galerisi ve k\u00fclt\u00fcr merkezi olarak \u015fehrin k\u00fclt\u00fcrel hayat\u0131na kazand\u0131r\u0131lmas\u0131 i\u00e7in yol a\u00e7\u0131lm\u0131\u015f oldu. Tamir, onar\u0131m ve yeniden hayata kazand\u0131r\u0131lmas\u0131 ve gereken finansman\u0131n sa\u011flanmas\u0131 i\u00e7in \u00f6nce projelerin haz\u0131rlanmas\u0131na ba\u015flanacakt\u0131r.\u201d<\/p>\n<p>Ethniki Bankas\u0131 y\u00f6neticisi Pavlos Milonas ise K\u00fclt\u00fcr Bakanl\u0131\u011f\u0131 ve Banka aras\u0131ndaki i\u015fbirli\u011fine de\u011finerek, s\u00f6z konusu hibenin Bankan\u0131n, Yunanistan\u2019\u0131n k\u00fclt\u00fcrel zenginli\u011fini ortaya \u00e7\u0131karmak i\u00e7in at\u0131lan ad\u0131mlara destek program\u0131 \u00e7er\u00e7evesinde yap\u0131ld\u0131\u011f\u0131n\u0131 s\u00f6yledi.<\/p>\n<h2>Yenice-i Vardar<\/h2>\n<p><img loading=\"lazy\" decoding=\"async\" class=\"alignnone wp-image-46345 size-large\" src=\"https:\/\/birlikgazetesi.org\/wp-content\/uploads\/2024\/02\/yenice-cami-eski-foto-1024x660.jpg\" alt=\"\" width=\"1024\" height=\"660\" \/><\/p>\n<p>\u0130skender Bey Camii (Yunanca: \u03a4\u03b6\u03b1\u03bc\u03af \u03c4\u03bf\u03c5 \u0399\u03c3\u03ba\u03b5\u03bd\u03c4\u03ad\u03c1 \u039c\u03c0\u03ad\u03b7) veya Evrenoso\u011flu \u0130skender Bey Camii, Orta Makedonya&#8217;n\u0131n (Kuzey Yunanistan ) Yenice-i Vardar kasabas\u0131nda bulunan tarihi bir Osmanl\u0131 camisidir. Yenice-i Vardar&#8217;\u0131n kurucusu Gazi Evrenos&#8217;un torunu Evrenoso\u011flu \u0130skender Bey taraf\u0131ndan 16. y\u00fczy\u0131l\u0131n ba\u015flar\u0131nda yapt\u0131r\u0131lm\u0131\u015ft\u0131r. Cami g\u00fcn\u00fcm\u00fczde olduk\u00e7a k\u00f6t\u00fc durumdad\u0131r ve onar\u0131ma ihtiya\u00e7 duymaktad\u0131r. Halk\u0131n kullan\u0131m\u0131na a\u00e7\u0131k de\u011fildir. Bug\u00fcn Yenice-i Vardar&#8217;da ayakta kalan \u00fc\u00e7 Osmanl\u0131 camisinden biridir.<\/p>\n<p>Balkan Sava\u015flar\u0131 ve I. D\u00fcnya Sava\u015f\u0131 s\u0131ras\u0131nda ciddi hasar g\u00f6ren cami, daha sonra pamuk \u00e7\u0131r\u00e7\u0131r fabrikas\u0131 olarak kullan\u0131ld\u0131 ve i\u00e7 ve d\u0131\u015f mekanlar\u0131nda olduk\u00e7a zarar g\u00f6rd\u00fc.<\/p>\n<p>Yenice-i Vardar, 1383-1385 y\u0131llar\u0131 aras\u0131nda Gazi Evrenos taraf\u0131ndan kurulmu\u015f ve Balkanlar&#8217;\u0131n \u00f6nemli bir askeri, manevi ve dini merkezi olarak ortaya \u00e7\u0131km\u0131\u015ft\u0131r. Hem kurucular\u0131 hem de onun soyundan gelenler \u015fehirde kutsal kurumlar in\u015fa ettiler; bunlar\u0131n \u00e7o\u011fu g\u00fcn\u00fcm\u00fcze kadar varl\u0131\u011f\u0131n\u0131 s\u00fcrd\u00fcr\u00fcyor ve di\u011ferleri seyyahlar\u0131n tasvirlerinden biliniyor.<\/p>\n<p>1668 y\u0131l\u0131nda buray\u0131 ziyaret eden Evliya \u00c7elebi, 17 cami, Medrese, 7 okul, 3 Hamam, 70 \u00f6zel hamam, Bedesten, 740 d\u00fckkan, \u00c7ar\u015f\u0131, Han ve b\u00fcy\u00fck bir Kervansaray saym\u0131\u015ft\u0131r. Evrenos&#8217;un vefat\u0131ndan sonra Yenice-i Vardar\u2019a defnedilmesi, buray\u0131 Osmanl\u0131lar\u0131n kutsal \u015fehri haline getirdi.<\/p>\n<p>As\u0131l soru \u015fu; Ethniki Bank Yenice-i Vardar\u2019da m\u00fclkiyet sahibi g\u00f6r\u00fcnd\u00fc\u011f\u00fc Evrenoso\u011flu \u0130skender Bey Camii\u2019ni, ortada bir \u015fey yokken birden bire Yunanistan K\u00fclt\u00fcr Bakanl\u0131\u011f\u0131\u2019na devretti?<\/p>\n<p>Cevap\u2026\u2026. Yazacak daha \u00e7oooook \u015feylerim var!<\/p>\n<p><img loading=\"lazy\" decoding=\"async\" class=\"alignnone wp-image-46346 size-large\" src=\"https:\/\/birlikgazetesi.org\/wp-content\/uploads\/2024\/02\/yenice-cami-1-1024x671.jpg\" alt=\"\" width=\"1024\" height=\"671\" \/><\/p>\n<p><img loading=\"lazy\" decoding=\"async\" class=\"alignnone wp-image-46347 size-large\" src=\"https:\/\/birlikgazetesi.org\/wp-content\/uploads\/2024\/02\/yenice-cami-tugla-1024x633.jpg\" alt=\"\" width=\"1024\" height=\"633\" \/><\/p>\n","protected":false},"excerpt":{"rendered":"<p>Evet, yanl\u0131\u015f okumad\u0131n\u0131z, Yunanistan\u2019da Ethniki Bank bir Camiyi Yunanistan K\u00fclt\u00fcr Bakanl\u0131\u011f\u0131\u2019na hibe etti. Bu Cami ve Daha Niceleri Nas\u0131l Ethniki Bank\u2019\u0131n Oldu? Yasal M\u0131? Yenice-i Vardar&#8217;\u0131n kurucusu Gazi Evrenos&#8217;un torunu Evrenoso\u011flu \u0130skender Bey taraf\u0131ndan 16. y\u00fczy\u0131l\u0131n ba\u015flar\u0131nda yapt\u0131r\u0131lan \u0130skender Bey Camii (Yunanca: \u03a4\u03b6\u03b1\u03bc\u03af \u03c4\u03bf\u03c5 \u0399\u03c3\u03ba\u03b5\u03bd\u03c4\u03ad\u03c1 \u039c\u03c0\u03ad\u03b7) veya Evrenoso\u011flu \u0130skender Bey Camii Yunanistan\u2019\u0131n en b\u00fcy\u00fck Bankalar\u0131ndan &hellip;<\/p>\n","protected":false},"author":1,"featured_media":42886,"comment_status":"open","ping_status":"open","sticky":false,"template":"","format":"standard","meta":{"footnotes":""},"categories":[49,134],"tags":[117,133],"class_list":["post-42884","post","type-post","status-publish","format-standard","has-post-thumbnail","hentry","category-editorun-sectikleri","category-tarihkultur","tag-camii","tag-kultur"],"yoast_head":"<!-- This site is optimized with the Yoast SEO Premium plugin v26.3 (Yoast SEO v28.2) - https:\/\/yoast.com\/product\/yoast-seo-premium-wordpress\/ -->\n<title>Ethniki Bank Bir Cami Hibe Etti! Ama Kimin Camisini Kime hibe etti... - Bat\u0131 Trakya Haber<\/title>\n<meta name=\"description\" content=\"Ethniki Bank Bir Cami Hibe Etti! Ama Kimin Camisini Kime hibe etti...\" \/>\n<meta name=\"robots\" content=\"index, follow, max-snippet:-1, max-image-preview:large, max-video-preview:-1\" \/>\n<link rel=\"canonical\" href=\"https:\/\/batitrakya.net\/index.php\/ethniki-bank-bir-cami-hibe-etti-ama-kimin-camisini-kime-hibe-etti\/\" \/>\n<meta property=\"og:locale\" content=\"tr_TR\" \/>\n<meta property=\"og:type\" content=\"article\" \/>\n<meta property=\"og:title\" content=\"Ethniki Bank Bir Cami Hibe Etti! Ama Kimin Camisini Kime hibe etti...\" \/>\n<meta property=\"og:description\" content=\"Ethniki Bank Bir Cami Hibe Etti! Ama Kimin Camisini Kime hibe etti...\" \/>\n<meta property=\"og:url\" content=\"https:\/\/batitrakya.net\/index.php\/ethniki-bank-bir-cami-hibe-etti-ama-kimin-camisini-kime-hibe-etti\/\" \/>\n<meta property=\"og:site_name\" content=\"Bat\u0131 Trakya Haber\" \/>\n<meta property=\"article:published_time\" content=\"2024-02-03T06:18:00+00:00\" \/>\n<meta property=\"og:image\" content=\"https:\/\/batitrakya.net\/wp-content\/uploads\/2024\/02\/yenice_vardar_iskender_bey.jpg\" \/>\n\t<meta property=\"og:image:width\" content=\"720\" \/>\n\t<meta property=\"og:image:height\" content=\"348\" \/>\n\t<meta property=\"og:image:type\" content=\"image\/jpeg\" \/>\n<meta name=\"author\" content=\"tamer\" \/>\n<meta name=\"twitter:card\" content=\"summary_large_image\" \/>\n<meta name=\"twitter:label1\" content=\"Yazan:\" \/>\n\t<meta name=\"twitter:data1\" content=\"tamer\" \/>\n\t<meta name=\"twitter:label2\" content=\"Tahmini okuma s\u00fcresi\" \/>\n\t<meta name=\"twitter:data2\" content=\"5 dakika\" \/>\n<script type=\"application\/ld+json\" class=\"yoast-schema-graph\">{\"@context\":\"https:\\\/\\\/schema.org\",\"@graph\":[{\"@type\":\"Article\",\"@id\":\"https:\\\/\\\/batitrakya.net\\\/index.php\\\/ethniki-bank-bir-cami-hibe-etti-ama-kimin-camisini-kime-hibe-etti\\\/#article\",\"isPartOf\":{\"@id\":\"https:\\\/\\\/batitrakya.net\\\/index.php\\\/ethniki-bank-bir-cami-hibe-etti-ama-kimin-camisini-kime-hibe-etti\\\/\"},\"author\":{\"name\":\"tamer\",\"@id\":\"https:\\\/\\\/batitrakya.net\\\/#\\\/schema\\\/person\\\/61b86abbc19e5fa0bbc3059670546fe5\"},\"headline\":\"Ethniki Bank Bir Cami Hibe Etti! Ama Kimin Camisini Kime hibe etti&#8230;\",\"datePublished\":\"2024-02-03T06:18:00+00:00\",\"mainEntityOfPage\":{\"@id\":\"https:\\\/\\\/batitrakya.net\\\/index.php\\\/ethniki-bank-bir-cami-hibe-etti-ama-kimin-camisini-kime-hibe-etti\\\/\"},\"wordCount\":945,\"commentCount\":0,\"image\":{\"@id\":\"https:\\\/\\\/batitrakya.net\\\/index.php\\\/ethniki-bank-bir-cami-hibe-etti-ama-kimin-camisini-kime-hibe-etti\\\/#primaryimage\"},\"thumbnailUrl\":\"https:\\\/\\\/batitrakya.net\\\/wp-content\\\/uploads\\\/2024\\\/02\\\/yenice_vardar_iskender_bey.jpg\",\"keywords\":[\"Camii\",\"K\u00fclt\u00fcr\"],\"articleSection\":[\"Edit\u00f6r\u00fcn Se\u00e7tikleri\",\"Tarih | K\u00fclt\u00fcr\"],\"inLanguage\":\"tr\",\"potentialAction\":[{\"@type\":\"CommentAction\",\"name\":\"Comment\",\"target\":[\"https:\\\/\\\/batitrakya.net\\\/index.php\\\/ethniki-bank-bir-cami-hibe-etti-ama-kimin-camisini-kime-hibe-etti\\\/#respond\"]}],\"copyrightYear\":\"2024\",\"copyrightHolder\":{\"@id\":\"https:\\\/\\\/batitrakya.net\\\/#organization\"}},{\"@type\":\"WebPage\",\"@id\":\"https:\\\/\\\/batitrakya.net\\\/index.php\\\/ethniki-bank-bir-cami-hibe-etti-ama-kimin-camisini-kime-hibe-etti\\\/\",\"url\":\"https:\\\/\\\/batitrakya.net\\\/index.php\\\/ethniki-bank-bir-cami-hibe-etti-ama-kimin-camisini-kime-hibe-etti\\\/\",\"name\":\"Ethniki Bank Bir Cami Hibe Etti! Ama Kimin Camisini Kime hibe etti... - Bat\u0131 Trakya Haber\",\"isPartOf\":{\"@id\":\"https:\\\/\\\/batitrakya.net\\\/#website\"},\"primaryImageOfPage\":{\"@id\":\"https:\\\/\\\/batitrakya.net\\\/index.php\\\/ethniki-bank-bir-cami-hibe-etti-ama-kimin-camisini-kime-hibe-etti\\\/#primaryimage\"},\"image\":{\"@id\":\"https:\\\/\\\/batitrakya.net\\\/index.php\\\/ethniki-bank-bir-cami-hibe-etti-ama-kimin-camisini-kime-hibe-etti\\\/#primaryimage\"},\"thumbnailUrl\":\"https:\\\/\\\/batitrakya.net\\\/wp-content\\\/uploads\\\/2024\\\/02\\\/yenice_vardar_iskender_bey.jpg\",\"datePublished\":\"2024-02-03T06:18:00+00:00\",\"author\":{\"@id\":\"https:\\\/\\\/batitrakya.net\\\/#\\\/schema\\\/person\\\/61b86abbc19e5fa0bbc3059670546fe5\"},\"description\":\"Ethniki Bank Bir Cami Hibe Etti! Ama Kimin Camisini Kime hibe etti...\",\"breadcrumb\":{\"@id\":\"https:\\\/\\\/batitrakya.net\\\/index.php\\\/ethniki-bank-bir-cami-hibe-etti-ama-kimin-camisini-kime-hibe-etti\\\/#breadcrumb\"},\"inLanguage\":\"tr\",\"potentialAction\":[{\"@type\":\"ReadAction\",\"target\":[\"https:\\\/\\\/batitrakya.net\\\/index.php\\\/ethniki-bank-bir-cami-hibe-etti-ama-kimin-camisini-kime-hibe-etti\\\/\"]}]},{\"@type\":\"ImageObject\",\"inLanguage\":\"tr\",\"@id\":\"https:\\\/\\\/batitrakya.net\\\/index.php\\\/ethniki-bank-bir-cami-hibe-etti-ama-kimin-camisini-kime-hibe-etti\\\/#primaryimage\",\"url\":\"https:\\\/\\\/batitrakya.net\\\/wp-content\\\/uploads\\\/2024\\\/02\\\/yenice_vardar_iskender_bey.jpg\",\"contentUrl\":\"https:\\\/\\\/batitrakya.net\\\/wp-content\\\/uploads\\\/2024\\\/02\\\/yenice_vardar_iskender_bey.jpg\",\"width\":720,\"height\":348},{\"@type\":\"BreadcrumbList\",\"@id\":\"https:\\\/\\\/batitrakya.net\\\/index.php\\\/ethniki-bank-bir-cami-hibe-etti-ama-kimin-camisini-kime-hibe-etti\\\/#breadcrumb\",\"itemListElement\":[{\"@type\":\"ListItem\",\"position\":1,\"name\":\"Anasayfa\",\"item\":\"https:\\\/\\\/batitrakya.net\\\/\"},{\"@type\":\"ListItem\",\"position\":2,\"name\":\"Ethniki Bank Bir Cami Hibe Etti! Ama Kimin Camisini Kime hibe etti&#8230;\"}]},{\"@type\":\"WebSite\",\"@id\":\"https:\\\/\\\/batitrakya.net\\\/#website\",\"url\":\"https:\\\/\\\/batitrakya.net\\\/\",\"name\":\"Bat\u0131 Trakya Haber\",\"description\":\"Bat\u0131 Trakyan\u0131n internetteki sesi..\",\"potentialAction\":[{\"@type\":\"SearchAction\",\"target\":{\"@type\":\"EntryPoint\",\"urlTemplate\":\"https:\\\/\\\/batitrakya.net\\\/?s={search_term_string}\"},\"query-input\":{\"@type\":\"PropertyValueSpecification\",\"valueRequired\":true,\"valueName\":\"search_term_string\"}}],\"inLanguage\":\"tr\"},{\"@type\":\"Person\",\"@id\":\"https:\\\/\\\/batitrakya.net\\\/#\\\/schema\\\/person\\\/61b86abbc19e5fa0bbc3059670546fe5\",\"name\":\"tamer\",\"image\":{\"@type\":\"ImageObject\",\"inLanguage\":\"tr\",\"@id\":\"https:\\\/\\\/secure.gravatar.com\\\/avatar\\\/60b0ff14c4376999cea9565d28b91fc61ff0f727c28cd083506a6d83ad6df9c9?s=96&d=mm&r=g\",\"url\":\"https:\\\/\\\/secure.gravatar.com\\\/avatar\\\/60b0ff14c4376999cea9565d28b91fc61ff0f727c28cd083506a6d83ad6df9c9?s=96&d=mm&r=g\",\"contentUrl\":\"https:\\\/\\\/secure.gravatar.com\\\/avatar\\\/60b0ff14c4376999cea9565d28b91fc61ff0f727c28cd083506a6d83ad6df9c9?s=96&d=mm&r=g\",\"caption\":\"tamer\"},\"sameAs\":[\"https:\\\/\\\/batitrakya.net\"],\"url\":\"https:\\\/\\\/batitrakya.net\\\/index.php\\\/author\\\/tamer\\\/\"}]}<\/script>\n<!-- \/ Yoast SEO Premium plugin. -->","yoast_head_json":{"title":"Ethniki Bank Bir Cami Hibe Etti! Ama Kimin Camisini Kime hibe etti... - Bat\u0131 Trakya Haber","description":"Ethniki Bank Bir Cami Hibe Etti! Ama Kimin Camisini Kime hibe etti...","robots":{"index":"index","follow":"follow","max-snippet":"max-snippet:-1","max-image-preview":"max-image-preview:large","max-video-preview":"max-video-preview:-1"},"canonical":"https:\/\/batitrakya.net\/index.php\/ethniki-bank-bir-cami-hibe-etti-ama-kimin-camisini-kime-hibe-etti\/","og_locale":"tr_TR","og_type":"article","og_title":"Ethniki Bank Bir Cami Hibe Etti! Ama Kimin Camisini Kime hibe etti...","og_description":"Ethniki Bank Bir Cami Hibe Etti! Ama Kimin Camisini Kime hibe etti...","og_url":"https:\/\/batitrakya.net\/index.php\/ethniki-bank-bir-cami-hibe-etti-ama-kimin-camisini-kime-hibe-etti\/","og_site_name":"Bat\u0131 Trakya Haber","article_published_time":"2024-02-03T06:18:00+00:00","og_image":[{"width":720,"height":348,"url":"https:\/\/batitrakya.net\/wp-content\/uploads\/2024\/02\/yenice_vardar_iskender_bey.jpg","type":"image\/jpeg"}],"author":"tamer","twitter_card":"summary_large_image","twitter_misc":{"Yazan:":"tamer","Tahmini okuma s\u00fcresi":"5 dakika"},"schema":{"@context":"https:\/\/schema.org","@graph":[{"@type":"Article","@id":"https:\/\/batitrakya.net\/index.php\/ethniki-bank-bir-cami-hibe-etti-ama-kimin-camisini-kime-hibe-etti\/#article","isPartOf":{"@id":"https:\/\/batitrakya.net\/index.php\/ethniki-bank-bir-cami-hibe-etti-ama-kimin-camisini-kime-hibe-etti\/"},"author":{"name":"tamer","@id":"https:\/\/batitrakya.net\/#\/schema\/person\/61b86abbc19e5fa0bbc3059670546fe5"},"headline":"Ethniki Bank Bir Cami Hibe Etti! Ama Kimin Camisini Kime hibe etti&#8230;","datePublished":"2024-02-03T06:18:00+00:00","mainEntityOfPage":{"@id":"https:\/\/batitrakya.net\/index.php\/ethniki-bank-bir-cami-hibe-etti-ama-kimin-camisini-kime-hibe-etti\/"},"wordCount":945,"commentCount":0,"image":{"@id":"https:\/\/batitrakya.net\/index.php\/ethniki-bank-bir-cami-hibe-etti-ama-kimin-camisini-kime-hibe-etti\/#primaryimage"},"thumbnailUrl":"https:\/\/batitrakya.net\/wp-content\/uploads\/2024\/02\/yenice_vardar_iskender_bey.jpg","keywords":["Camii","K\u00fclt\u00fcr"],"articleSection":["Edit\u00f6r\u00fcn Se\u00e7tikleri","Tarih | K\u00fclt\u00fcr"],"inLanguage":"tr","potentialAction":[{"@type":"CommentAction","name":"Comment","target":["https:\/\/batitrakya.net\/index.php\/ethniki-bank-bir-cami-hibe-etti-ama-kimin-camisini-kime-hibe-etti\/#respond"]}],"copyrightYear":"2024","copyrightHolder":{"@id":"https:\/\/batitrakya.net\/#organization"}},{"@type":"WebPage","@id":"https:\/\/batitrakya.net\/index.php\/ethniki-bank-bir-cami-hibe-etti-ama-kimin-camisini-kime-hibe-etti\/","url":"https:\/\/batitrakya.net\/index.php\/ethniki-bank-bir-cami-hibe-etti-ama-kimin-camisini-kime-hibe-etti\/","name":"Ethniki Bank Bir Cami Hibe Etti! Ama Kimin Camisini Kime hibe etti... - Bat\u0131 Trakya Haber","isPartOf":{"@id":"https:\/\/batitrakya.net\/#website"},"primaryImageOfPage":{"@id":"https:\/\/batitrakya.net\/index.php\/ethniki-bank-bir-cami-hibe-etti-ama-kimin-camisini-kime-hibe-etti\/#primaryimage"},"image":{"@id":"https:\/\/batitrakya.net\/index.php\/ethniki-bank-bir-cami-hibe-etti-ama-kimin-camisini-kime-hibe-etti\/#primaryimage"},"thumbnailUrl":"https:\/\/batitrakya.net\/wp-content\/uploads\/2024\/02\/yenice_vardar_iskender_bey.jpg","datePublished":"2024-02-03T06:18:00+00:00","author":{"@id":"https:\/\/batitrakya.net\/#\/schema\/person\/61b86abbc19e5fa0bbc3059670546fe5"},"description":"Ethniki Bank Bir Cami Hibe Etti! Ama Kimin Camisini Kime hibe etti...","breadcrumb":{"@id":"https:\/\/batitrakya.net\/index.php\/ethniki-bank-bir-cami-hibe-etti-ama-kimin-camisini-kime-hibe-etti\/#breadcrumb"},"inLanguage":"tr","potentialAction":[{"@type":"ReadAction","target":["https:\/\/batitrakya.net\/index.php\/ethniki-bank-bir-cami-hibe-etti-ama-kimin-camisini-kime-hibe-etti\/"]}]},{"@type":"ImageObject","inLanguage":"tr","@id":"https:\/\/batitrakya.net\/index.php\/ethniki-bank-bir-cami-hibe-etti-ama-kimin-camisini-kime-hibe-etti\/#primaryimage","url":"https:\/\/batitrakya.net\/wp-content\/uploads\/2024\/02\/yenice_vardar_iskender_bey.jpg","contentUrl":"https:\/\/batitrakya.net\/wp-content\/uploads\/2024\/02\/yenice_vardar_iskender_bey.jpg","width":720,"height":348},{"@type":"BreadcrumbList","@id":"https:\/\/batitrakya.net\/index.php\/ethniki-bank-bir-cami-hibe-etti-ama-kimin-camisini-kime-hibe-etti\/#breadcrumb","itemListElement":[{"@type":"ListItem","position":1,"name":"Anasayfa","item":"https:\/\/batitrakya.net\/"},{"@type":"ListItem","position":2,"name":"Ethniki Bank Bir Cami Hibe Etti! Ama Kimin Camisini Kime hibe etti&#8230;"}]},{"@type":"WebSite","@id":"https:\/\/batitrakya.net\/#website","url":"https:\/\/batitrakya.net\/","name":"Bat\u0131 Trakya Haber","description":"Bat\u0131 Trakyan\u0131n internetteki sesi..","potentialAction":[{"@type":"SearchAction","target":{"@type":"EntryPoint","urlTemplate":"https:\/\/batitrakya.net\/?s={search_term_string}"},"query-input":{"@type":"PropertyValueSpecification","valueRequired":true,"valueName":"search_term_string"}}],"inLanguage":"tr"},{"@type":"Person","@id":"https:\/\/batitrakya.net\/#\/schema\/person\/61b86abbc19e5fa0bbc3059670546fe5","name":"tamer","image":{"@type":"ImageObject","inLanguage":"tr","@id":"https:\/\/secure.gravatar.com\/avatar\/60b0ff14c4376999cea9565d28b91fc61ff0f727c28cd083506a6d83ad6df9c9?s=96&d=mm&r=g","url":"https:\/\/secure.gravatar.com\/avatar\/60b0ff14c4376999cea9565d28b91fc61ff0f727c28cd083506a6d83ad6df9c9?s=96&d=mm&r=g","contentUrl":"https:\/\/secure.gravatar.com\/avatar\/60b0ff14c4376999cea9565d28b91fc61ff0f727c28cd083506a6d83ad6df9c9?s=96&d=mm&r=g","caption":"tamer"},"sameAs":["https:\/\/batitrakya.net"],"url":"https:\/\/batitrakya.net\/index.php\/author\/tamer\/"}]}},"_links":{"self":[{"href":"https:\/\/batitrakya.net\/index.php\/wp-json\/wp\/v2\/posts\/42884","targetHints":{"allow":["GET"]}}],"collection":[{"href":"https:\/\/batitrakya.net\/index.php\/wp-json\/wp\/v2\/posts"}],"about":[{"href":"https:\/\/batitrakya.net\/index.php\/wp-json\/wp\/v2\/types\/post"}],"author":[{"embeddable":true,"href":"https:\/\/batitrakya.net\/index.php\/wp-json\/wp\/v2\/users\/1"}],"replies":[{"embeddable":true,"href":"https:\/\/batitrakya.net\/index.php\/wp-json\/wp\/v2\/comments?post=42884"}],"version-history":[{"count":1,"href":"https:\/\/batitrakya.net\/index.php\/wp-json\/wp\/v2\/posts\/42884\/revisions"}],"predecessor-version":[{"id":42887,"href":"https:\/\/batitrakya.net\/index.php\/wp-json\/wp\/v2\/posts\/42884\/revisions\/42887"}],"wp:featuredmedia":[{"embeddable":true,"href":"https:\/\/batitrakya.net\/index.php\/wp-json\/wp\/v2\/media\/42886"}],"wp:attachment":[{"href":"https:\/\/batitrakya.net\/index.php\/wp-json\/wp\/v2\/media?parent=42884"}],"wp:term":[{"taxonomy":"category","embeddable":true,"href":"https:\/\/batitrakya.net\/index.php\/wp-json\/wp\/v2\/categories?post=42884"},{"taxonomy":"post_tag","embeddable":true,"href":"https:\/\/batitrakya.net\/index.php\/wp-json\/wp\/v2\/tags?post=42884"}],"curies":[{"name":"wp","href":"https:\/\/api.w.org\/{rel}","templated":true}]}}