{"id":44186,"date":"2026-02-14T08:49:40","date_gmt":"2026-02-14T05:49:40","guid":{"rendered":"https:\/\/batitrakya.net\/?p=44186"},"modified":"2026-02-14T08:49:40","modified_gmt":"2026-02-14T05:49:40","slug":"ciftciler-traktorleriyle-baskent-atinada-eylem-yapti","status":"publish","type":"post","link":"https:\/\/batitrakya.net\/index.php\/ciftciler-traktorleriyle-baskent-atinada-eylem-yapti\/","title":{"rendered":"\u00c7ift\u00e7iler, trakt\u00f6rleriyle ba\u015fkent Atina&#8217;da eylem yapt\u0131&#8230;"},"content":{"rendered":"<p>Devlet te\u015fviklerindeki yolsuzluk skandal\u0131na ili\u015fkin soru\u015fturma nedeniyle geciken \u00f6demelerin ve \u00fcretim maliyetlerini d\u00fc\u015f\u00fcrecek yasal d\u00fczenlemelerin yap\u0131lmas\u0131n\u0131 talep eden \u00e7ift\u00e7iler, haftalard\u0131r \u00fclkenin farkl\u0131 b\u00f6lgelerinde h\u00fck\u00fcmete seslerini duyurmak \u00fczere yapt\u0131klar\u0131 yol kapatma eylemlerinin ard\u0131ndan d\u00fcn ba\u015fkent Atina&#8217;ya geldi.<\/p>\n<p>Sintagma Meydan\u0131&#8217;nda toplanan \u00e7ift\u00e7iler, trakt\u00f6rlerini parlamento binas\u0131 \u00f6n\u00fcne park etti.<\/p>\n<p>\u00c7ift\u00e7ilere, kamu ve \u00f6zel sekt\u00f6r \u00e7al\u0131\u015fanlar\u0131, \u00f6\u011frenci topluluklar\u0131 ile \u00e7e\u015fitli sivil toplum kurulu\u015flar\u0131 da destek verdi.<\/p>\n<p>Yunanistan Kom\u00fcnist Partisi (KKE) Genel Sekreteri Dimitris Koutsoumpas da Sintagma&#8217;daki eyleme kat\u0131ld\u0131.<\/p>\n<p>Tirhala kentinden gelen \u00e7ift\u00e7i Antonis Saras, AA muhabirine yapt\u0131\u011f\u0131 a\u00e7\u0131klamada, artan \u00fcretim maliyetleri ve d\u00fc\u015f\u00fck \u00fcr\u00fcn fiyatlar\u0131 nedeniyle ge\u00e7im s\u0131k\u0131nt\u0131s\u0131 ya\u015fad\u0131klar\u0131n\u0131 belirterek, <em><strong>&#8220;Aylarca tarlada \u00e7al\u0131\u015f\u0131yoruz ama eme\u011fimizin kar\u015f\u0131l\u0131\u011f\u0131n\u0131 alam\u0131yoruz. \u00c7ocuklar\u0131m\u0131z\u0131n gelece\u011fi i\u00e7in sesimizi duyurmaya geldik.&#8221;<\/strong> <\/em>dedi.<\/p>\n","protected":false},"excerpt":{"rendered":"<p>Devlet te\u015fviklerindeki yolsuzluk skandal\u0131na ili\u015fkin soru\u015fturma nedeniyle geciken \u00f6demelerin ve \u00fcretim maliyetlerini d\u00fc\u015f\u00fcrecek yasal d\u00fczenlemelerin yap\u0131lmas\u0131n\u0131 talep eden \u00e7ift\u00e7iler, haftalard\u0131r \u00fclkenin farkl\u0131 b\u00f6lgelerinde h\u00fck\u00fcmete seslerini duyurmak \u00fczere yapt\u0131klar\u0131 yol kapatma eylemlerinin ard\u0131ndan d\u00fcn ba\u015fkent Atina&#8217;ya geldi. Sintagma Meydan\u0131&#8217;nda toplanan \u00e7ift\u00e7iler, trakt\u00f6rlerini parlamento binas\u0131 \u00f6n\u00fcne park etti. \u00c7ift\u00e7ilere, kamu ve \u00f6zel sekt\u00f6r \u00e7al\u0131\u015fanlar\u0131, \u00f6\u011frenci topluluklar\u0131 ile &hellip;<\/p>\n","protected":false},"author":1,"featured_media":44187,"comment_status":"open","ping_status":"open","sticky":false,"template":"","format":"standard","meta":{"footnotes":""},"categories":[57],"tags":[85,273,211],"class_list":["post-44186","post","type-post","status-publish","format-standard","has-post-thumbnail","hentry","category-yunanistan","tag-atina","tag-ciftci","tag-eylem"],"yoast_head":"<!-- This site is optimized with the Yoast SEO Premium plugin v26.3 (Yoast SEO v28.2) - https:\/\/yoast.com\/product\/yoast-seo-premium-wordpress\/ -->\n<title>\u00c7ift\u00e7iler, trakt\u00f6rleriyle ba\u015fkent Atina&#039;da eylem yapt\u0131... - Bat\u0131 Trakya Haber<\/title>\n<meta name=\"description\" content=\"\u00c7ift\u00e7iler, trakt\u00f6rleriyle ba\u015fkent Atina&#039;da eylem yapt\u0131...\" \/>\n<meta name=\"robots\" content=\"index, follow, max-snippet:-1, max-image-preview:large, max-video-preview:-1\" \/>\n<link rel=\"canonical\" href=\"https:\/\/batitrakya.net\/index.php\/ciftciler-traktorleriyle-baskent-atinada-eylem-yapti\/\" \/>\n<meta property=\"og:locale\" content=\"tr_TR\" \/>\n<meta property=\"og:type\" content=\"article\" \/>\n<meta property=\"og:title\" content=\"\u00c7ift\u00e7iler, trakt\u00f6rleriyle ba\u015fkent Atina&#039;da eylem yapt\u0131...\" \/>\n<meta property=\"og:description\" content=\"\u00c7ift\u00e7iler, trakt\u00f6rleriyle ba\u015fkent Atina&#039;da eylem yapt\u0131...\" \/>\n<meta property=\"og:url\" content=\"https:\/\/batitrakya.net\/index.php\/ciftciler-traktorleriyle-baskent-atinada-eylem-yapti\/\" \/>\n<meta property=\"og:site_name\" content=\"Bat\u0131 Trakya Haber\" \/>\n<meta property=\"article:published_time\" content=\"2026-02-14T05:49:40+00:00\" \/>\n<meta property=\"og:image\" content=\"https:\/\/batitrakya.net\/wp-content\/uploads\/2026\/02\/trakter_eylem_26.jpg\" \/>\n\t<meta property=\"og:image:width\" content=\"720\" \/>\n\t<meta property=\"og:image:height\" content=\"348\" \/>\n\t<meta property=\"og:image:type\" content=\"image\/jpeg\" \/>\n<meta name=\"author\" content=\"tamer\" \/>\n<meta name=\"twitter:card\" content=\"summary_large_image\" \/>\n<meta name=\"twitter:label1\" content=\"Yazan:\" \/>\n\t<meta name=\"twitter:data1\" content=\"tamer\" \/>\n\t<meta name=\"twitter:label2\" content=\"Tahmini okuma s\u00fcresi\" \/>\n\t<meta name=\"twitter:data2\" content=\"1 dakika\" \/>\n<script type=\"application\/ld+json\" class=\"yoast-schema-graph\">{\"@context\":\"https:\\\/\\\/schema.org\",\"@graph\":[{\"@type\":\"Article\",\"@id\":\"https:\\\/\\\/batitrakya.net\\\/index.php\\\/ciftciler-traktorleriyle-baskent-atinada-eylem-yapti\\\/#article\",\"isPartOf\":{\"@id\":\"https:\\\/\\\/batitrakya.net\\\/index.php\\\/ciftciler-traktorleriyle-baskent-atinada-eylem-yapti\\\/\"},\"author\":{\"name\":\"tamer\",\"@id\":\"https:\\\/\\\/batitrakya.net\\\/#\\\/schema\\\/person\\\/61b86abbc19e5fa0bbc3059670546fe5\"},\"headline\":\"\u00c7ift\u00e7iler, trakt\u00f6rleriyle ba\u015fkent Atina&#8217;da eylem yapt\u0131&#8230;\",\"datePublished\":\"2026-02-14T05:49:40+00:00\",\"mainEntityOfPage\":{\"@id\":\"https:\\\/\\\/batitrakya.net\\\/index.php\\\/ciftciler-traktorleriyle-baskent-atinada-eylem-yapti\\\/\"},\"wordCount\":171,\"commentCount\":0,\"image\":{\"@id\":\"https:\\\/\\\/batitrakya.net\\\/index.php\\\/ciftciler-traktorleriyle-baskent-atinada-eylem-yapti\\\/#primaryimage\"},\"thumbnailUrl\":\"https:\\\/\\\/batitrakya.net\\\/wp-content\\\/uploads\\\/2026\\\/02\\\/trakter_eylem_26.jpg\",\"keywords\":[\"Atina\",\"\u00c7ift\u00e7i\",\"Eylem\"],\"articleSection\":[\"Yunanistan Haber\"],\"inLanguage\":\"tr\",\"potentialAction\":[{\"@type\":\"CommentAction\",\"name\":\"Comment\",\"target\":[\"https:\\\/\\\/batitrakya.net\\\/index.php\\\/ciftciler-traktorleriyle-baskent-atinada-eylem-yapti\\\/#respond\"]}],\"copyrightYear\":\"2026\",\"copyrightHolder\":{\"@id\":\"https:\\\/\\\/batitrakya.net\\\/#organization\"}},{\"@type\":\"WebPage\",\"@id\":\"https:\\\/\\\/batitrakya.net\\\/index.php\\\/ciftciler-traktorleriyle-baskent-atinada-eylem-yapti\\\/\",\"url\":\"https:\\\/\\\/batitrakya.net\\\/index.php\\\/ciftciler-traktorleriyle-baskent-atinada-eylem-yapti\\\/\",\"name\":\"\u00c7ift\u00e7iler, trakt\u00f6rleriyle ba\u015fkent Atina'da eylem yapt\u0131... - Bat\u0131 Trakya Haber\",\"isPartOf\":{\"@id\":\"https:\\\/\\\/batitrakya.net\\\/#website\"},\"primaryImageOfPage\":{\"@id\":\"https:\\\/\\\/batitrakya.net\\\/index.php\\\/ciftciler-traktorleriyle-baskent-atinada-eylem-yapti\\\/#primaryimage\"},\"image\":{\"@id\":\"https:\\\/\\\/batitrakya.net\\\/index.php\\\/ciftciler-traktorleriyle-baskent-atinada-eylem-yapti\\\/#primaryimage\"},\"thumbnailUrl\":\"https:\\\/\\\/batitrakya.net\\\/wp-content\\\/uploads\\\/2026\\\/02\\\/trakter_eylem_26.jpg\",\"datePublished\":\"2026-02-14T05:49:40+00:00\",\"author\":{\"@id\":\"https:\\\/\\\/batitrakya.net\\\/#\\\/schema\\\/person\\\/61b86abbc19e5fa0bbc3059670546fe5\"},\"description\":\"\u00c7ift\u00e7iler, trakt\u00f6rleriyle ba\u015fkent Atina'da eylem yapt\u0131...\",\"breadcrumb\":{\"@id\":\"https:\\\/\\\/batitrakya.net\\\/index.php\\\/ciftciler-traktorleriyle-baskent-atinada-eylem-yapti\\\/#breadcrumb\"},\"inLanguage\":\"tr\",\"potentialAction\":[{\"@type\":\"ReadAction\",\"target\":[\"https:\\\/\\\/batitrakya.net\\\/index.php\\\/ciftciler-traktorleriyle-baskent-atinada-eylem-yapti\\\/\"]}]},{\"@type\":\"ImageObject\",\"inLanguage\":\"tr\",\"@id\":\"https:\\\/\\\/batitrakya.net\\\/index.php\\\/ciftciler-traktorleriyle-baskent-atinada-eylem-yapti\\\/#primaryimage\",\"url\":\"https:\\\/\\\/batitrakya.net\\\/wp-content\\\/uploads\\\/2026\\\/02\\\/trakter_eylem_26.jpg\",\"contentUrl\":\"https:\\\/\\\/batitrakya.net\\\/wp-content\\\/uploads\\\/2026\\\/02\\\/trakter_eylem_26.jpg\",\"width\":720,\"height\":348},{\"@type\":\"BreadcrumbList\",\"@id\":\"https:\\\/\\\/batitrakya.net\\\/index.php\\\/ciftciler-traktorleriyle-baskent-atinada-eylem-yapti\\\/#breadcrumb\",\"itemListElement\":[{\"@type\":\"ListItem\",\"position\":1,\"name\":\"Anasayfa\",\"item\":\"https:\\\/\\\/batitrakya.net\\\/\"},{\"@type\":\"ListItem\",\"position\":2,\"name\":\"\u00c7ift\u00e7iler, trakt\u00f6rleriyle ba\u015fkent Atina&#8217;da eylem yapt\u0131&#8230;\"}]},{\"@type\":\"WebSite\",\"@id\":\"https:\\\/\\\/batitrakya.net\\\/#website\",\"url\":\"https:\\\/\\\/batitrakya.net\\\/\",\"name\":\"Bat\u0131 Trakya Haber\",\"description\":\"Bat\u0131 Trakyan\u0131n internetteki sesi..\",\"potentialAction\":[{\"@type\":\"SearchAction\",\"target\":{\"@type\":\"EntryPoint\",\"urlTemplate\":\"https:\\\/\\\/batitrakya.net\\\/?s={search_term_string}\"},\"query-input\":{\"@type\":\"PropertyValueSpecification\",\"valueRequired\":true,\"valueName\":\"search_term_string\"}}],\"inLanguage\":\"tr\"},{\"@type\":\"Person\",\"@id\":\"https:\\\/\\\/batitrakya.net\\\/#\\\/schema\\\/person\\\/61b86abbc19e5fa0bbc3059670546fe5\",\"name\":\"tamer\",\"image\":{\"@type\":\"ImageObject\",\"inLanguage\":\"tr\",\"@id\":\"https:\\\/\\\/secure.gravatar.com\\\/avatar\\\/60b0ff14c4376999cea9565d28b91fc61ff0f727c28cd083506a6d83ad6df9c9?s=96&d=mm&r=g\",\"url\":\"https:\\\/\\\/secure.gravatar.com\\\/avatar\\\/60b0ff14c4376999cea9565d28b91fc61ff0f727c28cd083506a6d83ad6df9c9?s=96&d=mm&r=g\",\"contentUrl\":\"https:\\\/\\\/secure.gravatar.com\\\/avatar\\\/60b0ff14c4376999cea9565d28b91fc61ff0f727c28cd083506a6d83ad6df9c9?s=96&d=mm&r=g\",\"caption\":\"tamer\"},\"sameAs\":[\"https:\\\/\\\/batitrakya.net\"],\"url\":\"https:\\\/\\\/batitrakya.net\\\/index.php\\\/author\\\/tamer\\\/\"}]}<\/script>\n<!-- \/ Yoast SEO Premium plugin. -->","yoast_head_json":{"title":"\u00c7ift\u00e7iler, trakt\u00f6rleriyle ba\u015fkent Atina'da eylem yapt\u0131... - Bat\u0131 Trakya Haber","description":"\u00c7ift\u00e7iler, trakt\u00f6rleriyle ba\u015fkent Atina'da eylem yapt\u0131...","robots":{"index":"index","follow":"follow","max-snippet":"max-snippet:-1","max-image-preview":"max-image-preview:large","max-video-preview":"max-video-preview:-1"},"canonical":"https:\/\/batitrakya.net\/index.php\/ciftciler-traktorleriyle-baskent-atinada-eylem-yapti\/","og_locale":"tr_TR","og_type":"article","og_title":"\u00c7ift\u00e7iler, trakt\u00f6rleriyle ba\u015fkent Atina'da eylem yapt\u0131...","og_description":"\u00c7ift\u00e7iler, trakt\u00f6rleriyle ba\u015fkent Atina'da eylem yapt\u0131...","og_url":"https:\/\/batitrakya.net\/index.php\/ciftciler-traktorleriyle-baskent-atinada-eylem-yapti\/","og_site_name":"Bat\u0131 Trakya Haber","article_published_time":"2026-02-14T05:49:40+00:00","og_image":[{"width":720,"height":348,"url":"https:\/\/batitrakya.net\/wp-content\/uploads\/2026\/02\/trakter_eylem_26.jpg","type":"image\/jpeg"}],"author":"tamer","twitter_card":"summary_large_image","twitter_misc":{"Yazan:":"tamer","Tahmini okuma s\u00fcresi":"1 dakika"},"schema":{"@context":"https:\/\/schema.org","@graph":[{"@type":"Article","@id":"https:\/\/batitrakya.net\/index.php\/ciftciler-traktorleriyle-baskent-atinada-eylem-yapti\/#article","isPartOf":{"@id":"https:\/\/batitrakya.net\/index.php\/ciftciler-traktorleriyle-baskent-atinada-eylem-yapti\/"},"author":{"name":"tamer","@id":"https:\/\/batitrakya.net\/#\/schema\/person\/61b86abbc19e5fa0bbc3059670546fe5"},"headline":"\u00c7ift\u00e7iler, trakt\u00f6rleriyle ba\u015fkent Atina&#8217;da eylem yapt\u0131&#8230;","datePublished":"2026-02-14T05:49:40+00:00","mainEntityOfPage":{"@id":"https:\/\/batitrakya.net\/index.php\/ciftciler-traktorleriyle-baskent-atinada-eylem-yapti\/"},"wordCount":171,"commentCount":0,"image":{"@id":"https:\/\/batitrakya.net\/index.php\/ciftciler-traktorleriyle-baskent-atinada-eylem-yapti\/#primaryimage"},"thumbnailUrl":"https:\/\/batitrakya.net\/wp-content\/uploads\/2026\/02\/trakter_eylem_26.jpg","keywords":["Atina","\u00c7ift\u00e7i","Eylem"],"articleSection":["Yunanistan Haber"],"inLanguage":"tr","potentialAction":[{"@type":"CommentAction","name":"Comment","target":["https:\/\/batitrakya.net\/index.php\/ciftciler-traktorleriyle-baskent-atinada-eylem-yapti\/#respond"]}],"copyrightYear":"2026","copyrightHolder":{"@id":"https:\/\/batitrakya.net\/#organization"}},{"@type":"WebPage","@id":"https:\/\/batitrakya.net\/index.php\/ciftciler-traktorleriyle-baskent-atinada-eylem-yapti\/","url":"https:\/\/batitrakya.net\/index.php\/ciftciler-traktorleriyle-baskent-atinada-eylem-yapti\/","name":"\u00c7ift\u00e7iler, trakt\u00f6rleriyle ba\u015fkent Atina'da eylem yapt\u0131... - Bat\u0131 Trakya Haber","isPartOf":{"@id":"https:\/\/batitrakya.net\/#website"},"primaryImageOfPage":{"@id":"https:\/\/batitrakya.net\/index.php\/ciftciler-traktorleriyle-baskent-atinada-eylem-yapti\/#primaryimage"},"image":{"@id":"https:\/\/batitrakya.net\/index.php\/ciftciler-traktorleriyle-baskent-atinada-eylem-yapti\/#primaryimage"},"thumbnailUrl":"https:\/\/batitrakya.net\/wp-content\/uploads\/2026\/02\/trakter_eylem_26.jpg","datePublished":"2026-02-14T05:49:40+00:00","author":{"@id":"https:\/\/batitrakya.net\/#\/schema\/person\/61b86abbc19e5fa0bbc3059670546fe5"},"description":"\u00c7ift\u00e7iler, trakt\u00f6rleriyle ba\u015fkent Atina'da eylem yapt\u0131...","breadcrumb":{"@id":"https:\/\/batitrakya.net\/index.php\/ciftciler-traktorleriyle-baskent-atinada-eylem-yapti\/#breadcrumb"},"inLanguage":"tr","potentialAction":[{"@type":"ReadAction","target":["https:\/\/batitrakya.net\/index.php\/ciftciler-traktorleriyle-baskent-atinada-eylem-yapti\/"]}]},{"@type":"ImageObject","inLanguage":"tr","@id":"https:\/\/batitrakya.net\/index.php\/ciftciler-traktorleriyle-baskent-atinada-eylem-yapti\/#primaryimage","url":"https:\/\/batitrakya.net\/wp-content\/uploads\/2026\/02\/trakter_eylem_26.jpg","contentUrl":"https:\/\/batitrakya.net\/wp-content\/uploads\/2026\/02\/trakter_eylem_26.jpg","width":720,"height":348},{"@type":"BreadcrumbList","@id":"https:\/\/batitrakya.net\/index.php\/ciftciler-traktorleriyle-baskent-atinada-eylem-yapti\/#breadcrumb","itemListElement":[{"@type":"ListItem","position":1,"name":"Anasayfa","item":"https:\/\/batitrakya.net\/"},{"@type":"ListItem","position":2,"name":"\u00c7ift\u00e7iler, trakt\u00f6rleriyle ba\u015fkent Atina&#8217;da eylem yapt\u0131&#8230;"}]},{"@type":"WebSite","@id":"https:\/\/batitrakya.net\/#website","url":"https:\/\/batitrakya.net\/","name":"Bat\u0131 Trakya Haber","description":"Bat\u0131 Trakyan\u0131n internetteki sesi..","potentialAction":[{"@type":"SearchAction","target":{"@type":"EntryPoint","urlTemplate":"https:\/\/batitrakya.net\/?s={search_term_string}"},"query-input":{"@type":"PropertyValueSpecification","valueRequired":true,"valueName":"search_term_string"}}],"inLanguage":"tr"},{"@type":"Person","@id":"https:\/\/batitrakya.net\/#\/schema\/person\/61b86abbc19e5fa0bbc3059670546fe5","name":"tamer","image":{"@type":"ImageObject","inLanguage":"tr","@id":"https:\/\/secure.gravatar.com\/avatar\/60b0ff14c4376999cea9565d28b91fc61ff0f727c28cd083506a6d83ad6df9c9?s=96&d=mm&r=g","url":"https:\/\/secure.gravatar.com\/avatar\/60b0ff14c4376999cea9565d28b91fc61ff0f727c28cd083506a6d83ad6df9c9?s=96&d=mm&r=g","contentUrl":"https:\/\/secure.gravatar.com\/avatar\/60b0ff14c4376999cea9565d28b91fc61ff0f727c28cd083506a6d83ad6df9c9?s=96&d=mm&r=g","caption":"tamer"},"sameAs":["https:\/\/batitrakya.net"],"url":"https:\/\/batitrakya.net\/index.php\/author\/tamer\/"}]}},"_links":{"self":[{"href":"https:\/\/batitrakya.net\/index.php\/wp-json\/wp\/v2\/posts\/44186","targetHints":{"allow":["GET"]}}],"collection":[{"href":"https:\/\/batitrakya.net\/index.php\/wp-json\/wp\/v2\/posts"}],"about":[{"href":"https:\/\/batitrakya.net\/index.php\/wp-json\/wp\/v2\/types\/post"}],"author":[{"embeddable":true,"href":"https:\/\/batitrakya.net\/index.php\/wp-json\/wp\/v2\/users\/1"}],"replies":[{"embeddable":true,"href":"https:\/\/batitrakya.net\/index.php\/wp-json\/wp\/v2\/comments?post=44186"}],"version-history":[{"count":1,"href":"https:\/\/batitrakya.net\/index.php\/wp-json\/wp\/v2\/posts\/44186\/revisions"}],"predecessor-version":[{"id":44188,"href":"https:\/\/batitrakya.net\/index.php\/wp-json\/wp\/v2\/posts\/44186\/revisions\/44188"}],"wp:featuredmedia":[{"embeddable":true,"href":"https:\/\/batitrakya.net\/index.php\/wp-json\/wp\/v2\/media\/44187"}],"wp:attachment":[{"href":"https:\/\/batitrakya.net\/index.php\/wp-json\/wp\/v2\/media?parent=44186"}],"wp:term":[{"taxonomy":"category","embeddable":true,"href":"https:\/\/batitrakya.net\/index.php\/wp-json\/wp\/v2\/categories?post=44186"},{"taxonomy":"post_tag","embeddable":true,"href":"https:\/\/batitrakya.net\/index.php\/wp-json\/wp\/v2\/tags?post=44186"}],"curies":[{"name":"wp","href":"https:\/\/api.w.org\/{rel}","templated":true}]}}